{"id":27581,"date":"2026-04-27T14:30:00","date_gmt":"2026-04-27T14:30:00","guid":{"rendered":"https:\/\/www.abchukuk.com\/index.php\/2026\/04\/27\/son-dakika-akbelen-direniscisi-esra-isik-hakim-karsisina-cikti-tutukluluguna-devam-karari\/"},"modified":"2026-04-27T14:30:00","modified_gmt":"2026-04-27T14:30:00","slug":"son-dakika-akbelen-direniscisi-esra-isik-hakim-karsisina-cikti-tutukluluguna-devam-karari","status":"publish","type":"post","link":"https:\/\/www.abchukuk.com\/index.php\/2026\/04\/27\/son-dakika-akbelen-direniscisi-esra-isik-hakim-karsisina-cikti-tutukluluguna-devam-karari\/","title":{"rendered":"Son Dakika&#8230; Akbelen direni\u015f\u00e7isi Esra I\u015f\u0131k hakim kar\u015f\u0131s\u0131na \u00e7\u0131kt\u0131: Tutuklulu\u011funa devam karar\u0131"},"content":{"rendered":"<p>Son dakika haberi&#8230; Milas Asliye Ceza Mahkemesi, Akbeleni savunan Esra I\u015f\u0131k hakk\u0131nda tutuklulu\u011fun devam\u0131na karar verdi.Son dakika haberi&#8230; Milas Asliye Ceza Mahkemesi, Akbeleni savunan Esra I\u015f\u0131k hakk\u0131nda tutuklulu\u011fun devam\u0131na karar verdi.\u00a0<a href=\"https:\/\/www.cumhuriyet.com.tr\/turkiye\/son-dakika-akbelen-direniscisi-esra-isik-hakim-karsisina-cikti-tutukluluguna-devam-karari-2498986\" target=\"_blank\" class=\"feedzy-rss-link-icon\">Read More<\/a><\/p>","protected":false},"excerpt":{"rendered":"<p>Son dakika haberi&#8230; Milas Asliye Ceza Mahkemesi, Akbeleni savunan Esra I\u015f\u0131k hakk\u0131nda tutuklulu\u011fun devam\u0131na karar verdi.Son dakika haberi&#8230; Milas Asliye Ceza Mahkemesi, Akbeleni savunan Esra I\u015f\u0131k hakk\u0131nda tutuklulu\u011fun devam\u0131na karar verdi.\u00a0Read More<\/p>\n","protected":false},"author":1,"featured_media":27582,"comment_status":"open","ping_status":"open","sticky":false,"template":"","format":"standard","meta":{"footnotes":"","_links_to":"","_links_to_target":""},"categories":[1],"tags":[],"class_list":["post-27581","post","type-post","status-publish","format-standard","has-post-thumbnail","hentry","category-haberler"],"_links":{"self":[{"href":"https:\/\/www.abchukuk.com\/index.php\/wp-json\/wp\/v2\/posts\/27581","targetHints":{"allow":["GET"]}}],"collection":[{"href":"https:\/\/www.abchukuk.com\/index.php\/wp-json\/wp\/v2\/posts"}],"about":[{"href":"https:\/\/www.abchukuk.com\/index.php\/wp-json\/wp\/v2\/types\/post"}],"author":[{"embeddable":true,"href":"https:\/\/www.abchukuk.com\/index.php\/wp-json\/wp\/v2\/users\/1"}],"replies":[{"embeddable":true,"href":"https:\/\/www.abchukuk.com\/index.php\/wp-json\/wp\/v2\/comments?post=27581"}],"version-history":[{"count":0,"href":"https:\/\/www.abchukuk.com\/index.php\/wp-json\/wp\/v2\/posts\/27581\/revisions"}],"wp:featuredmedia":[{"embeddable":true,"href":"https:\/\/www.abchukuk.com\/index.php\/wp-json\/wp\/v2\/media\/27582"}],"wp:attachment":[{"href":"https:\/\/www.abchukuk.com\/index.php\/wp-json\/wp\/v2\/media?parent=27581"}],"wp:term":[{"taxonomy":"category","embeddable":true,"href":"https:\/\/www.abchukuk.com\/index.php\/wp-json\/wp\/v2\/categories?post=27581"},{"taxonomy":"post_tag","embeddable":true,"href":"https:\/\/www.abchukuk.com\/index.php\/wp-json\/wp\/v2\/tags?post=27581"}],"curies":[{"name":"wp","href":"https:\/\/api.w.org\/{rel}","templated":true}]}}