{"id":27575,"date":"2026-04-27T14:50:00","date_gmt":"2026-04-27T14:50:00","guid":{"rendered":"https:\/\/www.abchukuk.com\/index.php\/2026\/04\/27\/izmirde-icra-memurlarina-rusvetten-yargilaniyor-12-yila-kadar-hapis-istemi\/"},"modified":"2026-04-27T14:50:00","modified_gmt":"2026-04-27T14:50:00","slug":"izmirde-icra-memurlarina-rusvetten-yargilaniyor-12-yila-kadar-hapis-istemi","status":"publish","type":"post","link":"https:\/\/www.abchukuk.com\/index.php\/2026\/04\/27\/izmirde-icra-memurlarina-rusvetten-yargilaniyor-12-yila-kadar-hapis-istemi\/","title":{"rendered":"\u0130zmir&#8217;de icra memurlar\u0131na &#8216;r\u00fc\u015fvet&#8217;ten yarg\u0131lan\u0131yor: 12 y\u0131la kadar hapis istemi"},"content":{"rendered":"<p>\u0130zmir&#8217;de, icra dosyas\u0131n\u0131 \u00f6ne ald\u0131rma kar\u015f\u0131l\u0131\u011f\u0131nda r\u00fc\u015fvet ald\u0131klar\u0131 iddia edilen icra m\u00fcd\u00fcr yard\u0131mc\u0131s\u0131 ile icra katibinin yarg\u0131land\u0131\u011f\u0131 davada,\u0130zmir&#8217;de, icra dosyas\u0131n\u0131 \u00f6ne ald\u0131rma kar\u015f\u0131l\u0131\u011f\u0131nda r\u00fc\u015fvet ald\u0131klar\u0131 iddia edilen icra m\u00fcd\u00fcr yard\u0131mc\u0131s\u0131 ile icra katibinin yarg\u0131land\u0131\u011f\u0131 davada,\u00a0<a href=\"https:\/\/www.cumhuriyet.com.tr\/turkiye\/izmir-de-icra-memurlarina-rusvet-ten-yargilaniyor-12-yila-kadar-hapis-istemi-2499000\" target=\"_blank\" class=\"feedzy-rss-link-icon\">Read More<\/a><\/p>","protected":false},"excerpt":{"rendered":"<p>\u0130zmir&#8217;de, icra dosyas\u0131n\u0131 \u00f6ne ald\u0131rma kar\u015f\u0131l\u0131\u011f\u0131nda r\u00fc\u015fvet ald\u0131klar\u0131 iddia edilen icra m\u00fcd\u00fcr yard\u0131mc\u0131s\u0131 ile icra katibinin yarg\u0131land\u0131\u011f\u0131 davada,\u0130zmir&#8217;de, icra dosyas\u0131n\u0131 \u00f6ne ald\u0131rma kar\u015f\u0131l\u0131\u011f\u0131nda r\u00fc\u015fvet ald\u0131klar\u0131 iddia edilen icra m\u00fcd\u00fcr yard\u0131mc\u0131s\u0131 ile icra katibinin yarg\u0131land\u0131\u011f\u0131 davada,\u00a0Read More<\/p>\n","protected":false},"author":1,"featured_media":27576,"comment_status":"open","ping_status":"open","sticky":false,"template":"","format":"standard","meta":{"footnotes":"","_links_to":"","_links_to_target":""},"categories":[1],"tags":[],"class_list":["post-27575","post","type-post","status-publish","format-standard","has-post-thumbnail","hentry","category-haberler"],"_links":{"self":[{"href":"https:\/\/www.abchukuk.com\/index.php\/wp-json\/wp\/v2\/posts\/27575","targetHints":{"allow":["GET"]}}],"collection":[{"href":"https:\/\/www.abchukuk.com\/index.php\/wp-json\/wp\/v2\/posts"}],"about":[{"href":"https:\/\/www.abchukuk.com\/index.php\/wp-json\/wp\/v2\/types\/post"}],"author":[{"embeddable":true,"href":"https:\/\/www.abchukuk.com\/index.php\/wp-json\/wp\/v2\/users\/1"}],"replies":[{"embeddable":true,"href":"https:\/\/www.abchukuk.com\/index.php\/wp-json\/wp\/v2\/comments?post=27575"}],"version-history":[{"count":0,"href":"https:\/\/www.abchukuk.com\/index.php\/wp-json\/wp\/v2\/posts\/27575\/revisions"}],"wp:featuredmedia":[{"embeddable":true,"href":"https:\/\/www.abchukuk.com\/index.php\/wp-json\/wp\/v2\/media\/27576"}],"wp:attachment":[{"href":"https:\/\/www.abchukuk.com\/index.php\/wp-json\/wp\/v2\/media?parent=27575"}],"wp:term":[{"taxonomy":"category","embeddable":true,"href":"https:\/\/www.abchukuk.com\/index.php\/wp-json\/wp\/v2\/categories?post=27575"},{"taxonomy":"post_tag","embeddable":true,"href":"https:\/\/www.abchukuk.com\/index.php\/wp-json\/wp\/v2\/tags?post=27575"}],"curies":[{"name":"wp","href":"https:\/\/api.w.org\/{rel}","templated":true}]}}