{"id":27573,"date":"2026-04-27T14:52:00","date_gmt":"2026-04-27T14:52:00","guid":{"rendered":"https:\/\/www.abchukuk.com\/index.php\/2026\/04\/27\/universite-ogrencileri-ilayda-zorlunun-olumundeki-tum-sorumlular-yargilanmali\/"},"modified":"2026-04-27T14:52:00","modified_gmt":"2026-04-27T14:52:00","slug":"universite-ogrencileri-ilayda-zorlunun-olumundeki-tum-sorumlular-yargilanmali","status":"publish","type":"post","link":"https:\/\/www.abchukuk.com\/index.php\/2026\/04\/27\/universite-ogrencileri-ilayda-zorlunun-olumundeki-tum-sorumlular-yargilanmali\/","title":{"rendered":"\u00dcniversite \u00f6\u011frencileri: \u0130layda Zorlu\u2019nun \u00f6l\u00fcm\u00fcndeki t\u00fcm sorumlular yarg\u0131lanmal\u0131"},"content":{"rendered":"<p>\u00dcniversite \u00f6\u011frencileri, Karadeniz Teknik \u00dcniversitesi \u00f6\u011frencisi \u0130layda Zorlu&#8217;nun \u00f6l\u00fcm\u00fcyle ilgili Kad\u0131k\u00f6y&#8217;de a\u00e7\u0131klamalar yapt\u0131. \u00d6\u011frenciler, &#8220;\u0130layda Zorlu\u2019yu \u00f6l\u00fcme iten polis babas\u0131, ailesini aray\u0131p \u015fikayet eden polis ve talimat\u0131 verenler yarg\u0131lanm\u0131yorken iki arkada\u015f\u0131m\u0131z tutuklu yarg\u0131lan\u0131yor. D\u00fcn \u0130layda i\u00e7in sokaklara \u00e7\u0131kan \u00fcniversitelileri tutuklayanlar, bug\u00fcn Ankara\u2019da haklar\u0131 i\u00e7in direnen madencileri ablukada tutuyor, g\u00f6zalt\u0131na al\u0131yor&#8230; \u0130layda Zorlu\u2019nun \u00f6l\u00fcm\u00fcndeki t\u00fcm sorumlular yarg\u0131lanmal\u0131d\u0131r. \u0130\u015fkence, aile aramalar\u0131 ve ajanla\u015ft\u0131rma politikalar\u0131 son bulmal\u0131d\u0131r&#8221; dedi.\u00dcniversite \u00f6\u011frencileri, Karadeniz Teknik \u00dcniversitesi \u00f6\u011frencisi \u0130layda Zorlu&#8217;nun \u00f6l\u00fcm\u00fcyle ilgili Kad\u0131k\u00f6y&#8217;de a\u00e7\u0131klamalar yapt\u0131. \u00d6\u011frenciler, &#8220;\u0130layda Zorlu\u2019yu \u00f6l\u00fcme iten polis babas\u0131, ailesini aray\u0131p \u015fikayet eden polis ve talimat\u0131 verenler yarg\u0131lanm\u0131yorken iki arkada\u015f\u0131m\u0131z tutuklu yarg\u0131lan\u0131yor. D\u00fcn \u0130layda i\u00e7in sokaklara \u00e7\u0131kan \u00fcniversitelileri tutuklayanlar, bug\u00fcn Ankara\u2019da haklar\u0131 i\u00e7in direnen madencileri ablukada tutuyor, g\u00f6zalt\u0131na al\u0131yor&#8230; \u0130layda Zorlu\u2019nun \u00f6l\u00fcm\u00fcndeki t\u00fcm sorumlular yarg\u0131lanmal\u0131d\u0131r. \u0130\u015fkence, aile aramalar\u0131 ve ajanla\u015ft\u0131rma politikalar\u0131 son bulmal\u0131d\u0131r&#8221; dedi.\u00a0<a href=\"https:\/\/www.cumhuriyet.com.tr\/turkiye\/universite-ogrencileri-ilayda-zorlu-nun-olumundeki-tum-sorumlular-yargilanmali-2499002\" target=\"_blank\" class=\"feedzy-rss-link-icon\">Read More<\/a><\/p>","protected":false},"excerpt":{"rendered":"<p>\u00dcniversite \u00f6\u011frencileri, Karadeniz Teknik \u00dcniversitesi \u00f6\u011frencisi \u0130layda Zorlu&#8217;nun \u00f6l\u00fcm\u00fcyle ilgili Kad\u0131k\u00f6y&#8217;de a\u00e7\u0131klamalar yapt\u0131. \u00d6\u011frenciler, &#8220;\u0130layda Zorlu\u2019yu \u00f6l\u00fcme iten polis babas\u0131, ailesini aray\u0131p \u015fikayet eden polis ve talimat\u0131 verenler yarg\u0131lanm\u0131yorken iki arkada\u015f\u0131m\u0131z tutuklu yarg\u0131lan\u0131yor. D\u00fcn \u0130layda i\u00e7in sokaklara \u00e7\u0131kan \u00fcniversitelileri tutuklayanlar, bug\u00fcn Ankara\u2019da haklar\u0131 i\u00e7in direnen madencileri ablukada tutuyor, g\u00f6zalt\u0131na al\u0131yor&#8230; \u0130layda Zorlu\u2019nun \u00f6l\u00fcm\u00fcndeki t\u00fcm sorumlular [&hellip;]<\/p>\n","protected":false},"author":1,"featured_media":27574,"comment_status":"open","ping_status":"open","sticky":false,"template":"","format":"standard","meta":{"footnotes":"","_links_to":"","_links_to_target":""},"categories":[1],"tags":[],"class_list":["post-27573","post","type-post","status-publish","format-standard","has-post-thumbnail","hentry","category-haberler"],"_links":{"self":[{"href":"https:\/\/www.abchukuk.com\/index.php\/wp-json\/wp\/v2\/posts\/27573","targetHints":{"allow":["GET"]}}],"collection":[{"href":"https:\/\/www.abchukuk.com\/index.php\/wp-json\/wp\/v2\/posts"}],"about":[{"href":"https:\/\/www.abchukuk.com\/index.php\/wp-json\/wp\/v2\/types\/post"}],"author":[{"embeddable":true,"href":"https:\/\/www.abchukuk.com\/index.php\/wp-json\/wp\/v2\/users\/1"}],"replies":[{"embeddable":true,"href":"https:\/\/www.abchukuk.com\/index.php\/wp-json\/wp\/v2\/comments?post=27573"}],"version-history":[{"count":0,"href":"https:\/\/www.abchukuk.com\/index.php\/wp-json\/wp\/v2\/posts\/27573\/revisions"}],"wp:featuredmedia":[{"embeddable":true,"href":"https:\/\/www.abchukuk.com\/index.php\/wp-json\/wp\/v2\/media\/27574"}],"wp:attachment":[{"href":"https:\/\/www.abchukuk.com\/index.php\/wp-json\/wp\/v2\/media?parent=27573"}],"wp:term":[{"taxonomy":"category","embeddable":true,"href":"https:\/\/www.abchukuk.com\/index.php\/wp-json\/wp\/v2\/categories?post=27573"},{"taxonomy":"post_tag","embeddable":true,"href":"https:\/\/www.abchukuk.com\/index.php\/wp-json\/wp\/v2\/tags?post=27573"}],"curies":[{"name":"wp","href":"https:\/\/api.w.org\/{rel}","templated":true}]}}