{"id":2756,"date":"2025-08-29T01:00:00","date_gmt":"2025-08-29T01:00:00","guid":{"rendered":"http:\/\/www.lopsssdoner.com\/index.php\/2025\/08\/29\/telkoder-turk-telekom-imtiyaz-uzatimi-hukuki-ve-iktisadi-sorunlar-tasiyor\/"},"modified":"2025-08-29T01:00:00","modified_gmt":"2025-08-29T01:00:00","slug":"telkoder-turk-telekom-imtiyaz-uzatimi-hukuki-ve-iktisadi-sorunlar-tasiyor","status":"publish","type":"post","link":"https:\/\/www.abchukuk.com\/index.php\/2025\/08\/29\/telkoder-turk-telekom-imtiyaz-uzatimi-hukuki-ve-iktisadi-sorunlar-tasiyor\/","title":{"rendered":"TELKODER: T\u00fcrk Telekom imtiyaz uzat\u0131m\u0131 hukuki ve iktisadi sorunlar ta\u015f\u0131yor"},"content":{"rendered":"<p>TELKODER Avukat\u0131 G\u00f6khan Cando\u011fan, imtiyaz uzat\u0131m karar\u0131n\u0131n \u015feffafl\u0131ktan yoksun oldu\u011funu, tekel konumunu g\u00fc\u00e7lendirdi\u011fini ve t\u00fcketiciyi olumsuz etkiledi\u011fini vurgulad\u0131. Cando\u011fan, T\u00fcrk Telekom\u2019un 20 y\u0131ldaki yat\u0131r\u0131m ve hizmet raporlar\u0131n\u0131n kamuoyuna a\u00e7\u0131klanmad\u0131\u011f\u0131n\u0131 belirtti.TELKODER Avukat\u0131 G\u00f6khan Cando\u011fan, imtiyaz uzat\u0131m karar\u0131n\u0131n \u015feffafl\u0131ktan yoksun oldu\u011funu, tekel konumunu g\u00fc\u00e7lendirdi\u011fini ve t\u00fcketiciyi olumsuz etkiledi\u011fini vurgulad\u0131. Cando\u011fan, T\u00fcrk Telekom\u2019un 20 y\u0131ldaki yat\u0131r\u0131m ve hizmet raporlar\u0131n\u0131n kamuoyuna a\u00e7\u0131klanmad\u0131\u011f\u0131n\u0131 belirtti.\u00a0<a href=\"https:\/\/www.cumhuriyet.com.tr\/ekonomi\/telkoder-turk-telekom-imtiyaz-uzatimi-hukuki-ve-iktisadi-sorunlar-tasiyor-2430330\" target=\"_blank\" class=\"feedzy-rss-link-icon\">Read More<\/a><\/p>","protected":false},"excerpt":{"rendered":"<p>TELKODER Avukat\u0131 G\u00f6khan Cando\u011fan, imtiyaz uzat\u0131m karar\u0131n\u0131n \u015feffafl\u0131ktan yoksun oldu\u011funu, tekel konumunu g\u00fc\u00e7lendirdi\u011fini ve t\u00fcketiciyi olumsuz etkiledi\u011fini vurgulad\u0131. Cando\u011fan, T\u00fcrk Telekom\u2019un 20 y\u0131ldaki yat\u0131r\u0131m ve hizmet raporlar\u0131n\u0131n kamuoyuna a\u00e7\u0131klanmad\u0131\u011f\u0131n\u0131 belirtti.TELKODER Avukat\u0131 G\u00f6khan Cando\u011fan, imtiyaz uzat\u0131m karar\u0131n\u0131n \u015feffafl\u0131ktan yoksun oldu\u011funu, tekel konumunu g\u00fc\u00e7lendirdi\u011fini ve t\u00fcketiciyi olumsuz etkiledi\u011fini vurgulad\u0131. Cando\u011fan, T\u00fcrk Telekom\u2019un 20 y\u0131ldaki yat\u0131r\u0131m ve hizmet [&hellip;]<\/p>\n","protected":false},"author":1,"featured_media":2757,"comment_status":"open","ping_status":"open","sticky":false,"template":"","format":"standard","meta":{"footnotes":"","_links_to":"","_links_to_target":""},"categories":[1],"tags":[],"class_list":["post-2756","post","type-post","status-publish","format-standard","has-post-thumbnail","hentry","category-haberler"],"_links":{"self":[{"href":"https:\/\/www.abchukuk.com\/index.php\/wp-json\/wp\/v2\/posts\/2756","targetHints":{"allow":["GET"]}}],"collection":[{"href":"https:\/\/www.abchukuk.com\/index.php\/wp-json\/wp\/v2\/posts"}],"about":[{"href":"https:\/\/www.abchukuk.com\/index.php\/wp-json\/wp\/v2\/types\/post"}],"author":[{"embeddable":true,"href":"https:\/\/www.abchukuk.com\/index.php\/wp-json\/wp\/v2\/users\/1"}],"replies":[{"embeddable":true,"href":"https:\/\/www.abchukuk.com\/index.php\/wp-json\/wp\/v2\/comments?post=2756"}],"version-history":[{"count":0,"href":"https:\/\/www.abchukuk.com\/index.php\/wp-json\/wp\/v2\/posts\/2756\/revisions"}],"wp:featuredmedia":[{"embeddable":true,"href":"https:\/\/www.abchukuk.com\/index.php\/wp-json\/wp\/v2\/media\/2757"}],"wp:attachment":[{"href":"https:\/\/www.abchukuk.com\/index.php\/wp-json\/wp\/v2\/media?parent=2756"}],"wp:term":[{"taxonomy":"category","embeddable":true,"href":"https:\/\/www.abchukuk.com\/index.php\/wp-json\/wp\/v2\/categories?post=2756"},{"taxonomy":"post_tag","embeddable":true,"href":"https:\/\/www.abchukuk.com\/index.php\/wp-json\/wp\/v2\/tags?post=2756"}],"curies":[{"name":"wp","href":"https:\/\/api.w.org\/{rel}","templated":true}]}}