{"id":27559,"date":"2026-04-27T12:26:00","date_gmt":"2026-04-27T12:26:00","guid":{"rendered":"https:\/\/www.abchukuk.com\/index.php\/2026\/04\/27\/besiktasta-20-katli-otelde-yangin-yurttaslar-tahliye-edildi\/"},"modified":"2026-04-27T12:26:00","modified_gmt":"2026-04-27T12:26:00","slug":"besiktasta-20-katli-otelde-yangin-yurttaslar-tahliye-edildi","status":"publish","type":"post","link":"https:\/\/www.abchukuk.com\/index.php\/2026\/04\/27\/besiktasta-20-katli-otelde-yangin-yurttaslar-tahliye-edildi\/","title":{"rendered":"Be\u015fikta\u015f&#8217;ta 20 katl\u0131 otelde yang\u0131n: Yurtta\u015flar tahliye edildi"},"content":{"rendered":"<p>\u0130stanbul Be\u015fikta\u015f&#8217;ta bulunan 20 katl\u0131 otelde k\u00fc\u00e7\u00fck \u00e7apl\u0131 yang\u0131n \u00e7\u0131kt\u0131. \u0130hbar \u00fczerin olay yerine itfaiye, polis ve sa\u011fl\u0131k ekipleri sevk edilirken, baz\u0131 m\u00fc\u015fteriler ve otel \u00e7al\u0131\u015fanlar\u0131 bah\u00e7eye \u00e7\u0131karak ekiplerin m\u00fcdahalesini bekledi.\u0130stanbul Be\u015fikta\u015f&#8217;ta bulunan 20 katl\u0131 otelde k\u00fc\u00e7\u00fck \u00e7apl\u0131 yang\u0131n \u00e7\u0131kt\u0131. \u0130hbar \u00fczerin olay yerine itfaiye, polis ve sa\u011fl\u0131k ekipleri sevk edilirken, baz\u0131 m\u00fc\u015fteriler ve otel \u00e7al\u0131\u015fanlar\u0131 bah\u00e7eye \u00e7\u0131karak ekiplerin m\u00fcdahalesini bekledi.\u00a0<a href=\"https:\/\/www.cumhuriyet.com.tr\/turkiye\/besiktas-ta-20-katli-otelde-yangin-yurttaslar-tahliye-edildi-2498923\" target=\"_blank\" class=\"feedzy-rss-link-icon\">Read More<\/a><\/p>","protected":false},"excerpt":{"rendered":"<p>\u0130stanbul Be\u015fikta\u015f&#8217;ta bulunan 20 katl\u0131 otelde k\u00fc\u00e7\u00fck \u00e7apl\u0131 yang\u0131n \u00e7\u0131kt\u0131. \u0130hbar \u00fczerin olay yerine itfaiye, polis ve sa\u011fl\u0131k ekipleri sevk edilirken, baz\u0131 m\u00fc\u015fteriler ve otel \u00e7al\u0131\u015fanlar\u0131 bah\u00e7eye \u00e7\u0131karak ekiplerin m\u00fcdahalesini bekledi.\u0130stanbul Be\u015fikta\u015f&#8217;ta bulunan 20 katl\u0131 otelde k\u00fc\u00e7\u00fck \u00e7apl\u0131 yang\u0131n \u00e7\u0131kt\u0131. \u0130hbar \u00fczerin olay yerine itfaiye, polis ve sa\u011fl\u0131k ekipleri sevk edilirken, baz\u0131 m\u00fc\u015fteriler ve otel [&hellip;]<\/p>\n","protected":false},"author":1,"featured_media":27560,"comment_status":"open","ping_status":"open","sticky":false,"template":"","format":"standard","meta":{"footnotes":"","_links_to":"","_links_to_target":""},"categories":[1],"tags":[],"class_list":["post-27559","post","type-post","status-publish","format-standard","has-post-thumbnail","hentry","category-haberler"],"_links":{"self":[{"href":"https:\/\/www.abchukuk.com\/index.php\/wp-json\/wp\/v2\/posts\/27559","targetHints":{"allow":["GET"]}}],"collection":[{"href":"https:\/\/www.abchukuk.com\/index.php\/wp-json\/wp\/v2\/posts"}],"about":[{"href":"https:\/\/www.abchukuk.com\/index.php\/wp-json\/wp\/v2\/types\/post"}],"author":[{"embeddable":true,"href":"https:\/\/www.abchukuk.com\/index.php\/wp-json\/wp\/v2\/users\/1"}],"replies":[{"embeddable":true,"href":"https:\/\/www.abchukuk.com\/index.php\/wp-json\/wp\/v2\/comments?post=27559"}],"version-history":[{"count":0,"href":"https:\/\/www.abchukuk.com\/index.php\/wp-json\/wp\/v2\/posts\/27559\/revisions"}],"wp:featuredmedia":[{"embeddable":true,"href":"https:\/\/www.abchukuk.com\/index.php\/wp-json\/wp\/v2\/media\/27560"}],"wp:attachment":[{"href":"https:\/\/www.abchukuk.com\/index.php\/wp-json\/wp\/v2\/media?parent=27559"}],"wp:term":[{"taxonomy":"category","embeddable":true,"href":"https:\/\/www.abchukuk.com\/index.php\/wp-json\/wp\/v2\/categories?post=27559"},{"taxonomy":"post_tag","embeddable":true,"href":"https:\/\/www.abchukuk.com\/index.php\/wp-json\/wp\/v2\/tags?post=27559"}],"curies":[{"name":"wp","href":"https:\/\/api.w.org\/{rel}","templated":true}]}}