{"id":27554,"date":"2026-04-27T05:54:45","date_gmt":"2026-04-27T05:54:45","guid":{"rendered":"https:\/\/www.abchukuk.com\/index.php\/2026\/04\/27\/rusvet-operasyonu-11-supheli-yakalandi\/"},"modified":"2026-04-27T05:54:45","modified_gmt":"2026-04-27T05:54:45","slug":"rusvet-operasyonu-11-supheli-yakalandi","status":"publish","type":"post","link":"https:\/\/www.abchukuk.com\/index.php\/2026\/04\/27\/rusvet-operasyonu-11-supheli-yakalandi\/","title":{"rendered":"&#8220;R\u00fc\u015fvet&#8221; operasyonu: 11 \u015f\u00fcpheli yakaland\u0131"},"content":{"rendered":"<p>\u0130stanbul&#8217;da &#8220;vergi denetim kurulu su\u00e7 \u00f6rg\u00fct\u00fc&#8221; soru\u015fturmas\u0131 kapsam\u0131nda baz\u0131 vergi m\u00fcfetti\u015flerinin r\u00fc\u015fvet su\u00e7una kar\u0131\u015ft\u0131klar\u0131n\u0131n belirlenmesinin \u00fczerine operasyon d\u00fczenlendi. 11 \u015f\u00fcpheli g\u00f6zalt\u0131na al\u0131nd\u0131\u0130stanbul&#8217;da &#8220;vergi denetim kurulu su\u00e7 \u00f6rg\u00fct\u00fc&#8221; soru\u015fturmas\u0131 kapsam\u0131nda baz\u0131 vergi m\u00fcfetti\u015flerinin r\u00fc\u015fvet su\u00e7una kar\u0131\u015ft\u0131klar\u0131n\u0131n belirlenmesinin \u00fczerine operasyon d\u00fczenlendi. 11 \u015f\u00fcpheli g\u00f6zalt\u0131na al\u0131nd\u0131\u00a0<a href=\"https:\/\/www.haberturk.com\/istanbuldaki-vergi-mufettislerine-yonelik-rusvet-operasyonunda-11-supheli-yakalandi-son-dakika-haberi-3880420\" target=\"_blank\" class=\"feedzy-rss-link-icon\">Read More<\/a><\/p>","protected":false},"excerpt":{"rendered":"<p>\u0130stanbul&#8217;da &#8220;vergi denetim kurulu su\u00e7 \u00f6rg\u00fct\u00fc&#8221; soru\u015fturmas\u0131 kapsam\u0131nda baz\u0131 vergi m\u00fcfetti\u015flerinin r\u00fc\u015fvet su\u00e7una kar\u0131\u015ft\u0131klar\u0131n\u0131n belirlenmesinin \u00fczerine operasyon d\u00fczenlendi. 11 \u015f\u00fcpheli g\u00f6zalt\u0131na al\u0131nd\u0131\u0130stanbul&#8217;da &#8220;vergi denetim kurulu su\u00e7 \u00f6rg\u00fct\u00fc&#8221; soru\u015fturmas\u0131 kapsam\u0131nda baz\u0131 vergi m\u00fcfetti\u015flerinin r\u00fc\u015fvet su\u00e7una kar\u0131\u015ft\u0131klar\u0131n\u0131n belirlenmesinin \u00fczerine operasyon d\u00fczenlendi. 11 \u015f\u00fcpheli g\u00f6zalt\u0131na al\u0131nd\u0131\u00a0Read More<\/p>\n","protected":false},"author":1,"featured_media":0,"comment_status":"open","ping_status":"open","sticky":false,"template":"","format":"standard","meta":{"footnotes":"","_links_to":"","_links_to_target":""},"categories":[1],"tags":[],"class_list":["post-27554","post","type-post","status-publish","format-standard","hentry","category-haberler"],"_links":{"self":[{"href":"https:\/\/www.abchukuk.com\/index.php\/wp-json\/wp\/v2\/posts\/27554","targetHints":{"allow":["GET"]}}],"collection":[{"href":"https:\/\/www.abchukuk.com\/index.php\/wp-json\/wp\/v2\/posts"}],"about":[{"href":"https:\/\/www.abchukuk.com\/index.php\/wp-json\/wp\/v2\/types\/post"}],"author":[{"embeddable":true,"href":"https:\/\/www.abchukuk.com\/index.php\/wp-json\/wp\/v2\/users\/1"}],"replies":[{"embeddable":true,"href":"https:\/\/www.abchukuk.com\/index.php\/wp-json\/wp\/v2\/comments?post=27554"}],"version-history":[{"count":0,"href":"https:\/\/www.abchukuk.com\/index.php\/wp-json\/wp\/v2\/posts\/27554\/revisions"}],"wp:attachment":[{"href":"https:\/\/www.abchukuk.com\/index.php\/wp-json\/wp\/v2\/media?parent=27554"}],"wp:term":[{"taxonomy":"category","embeddable":true,"href":"https:\/\/www.abchukuk.com\/index.php\/wp-json\/wp\/v2\/categories?post=27554"},{"taxonomy":"post_tag","embeddable":true,"href":"https:\/\/www.abchukuk.com\/index.php\/wp-json\/wp\/v2\/tags?post=27554"}],"curies":[{"name":"wp","href":"https:\/\/api.w.org\/{rel}","templated":true}]}}