{"id":27549,"date":"2026-04-27T10:05:00","date_gmt":"2026-04-27T10:05:00","guid":{"rendered":"https:\/\/www.abchukuk.com\/index.php\/2026\/04\/27\/taksim-kazanci-yokusunda-1-mayis-anmasi-gozaltilar-var\/"},"modified":"2026-04-27T10:05:00","modified_gmt":"2026-04-27T10:05:00","slug":"taksim-kazanci-yokusunda-1-mayis-anmasi-gozaltilar-var","status":"publish","type":"post","link":"https:\/\/www.abchukuk.com\/index.php\/2026\/04\/27\/taksim-kazanci-yokusunda-1-mayis-anmasi-gozaltilar-var\/","title":{"rendered":"Taksim Kazanc\u0131 yoku\u015funda 1 May\u0131s anmas\u0131: G\u00f6zalt\u0131lar var"},"content":{"rendered":"<p>1 May\u0131s eylemlerinde katledilenler i\u00e7in Taksim Kazanc\u0131 yoku\u015funda ger\u00e7ekle\u015ftirilmek istenen anmaya polis ekipleri m\u00fcdahale etti. M\u00fcdahalede g\u00f6zalt\u0131lar\u0131n oldu\u011fu \u00f6\u011frenildi.1 May\u0131s eylemlerinde katledilenler i\u00e7in Taksim Kazanc\u0131 yoku\u015funda ger\u00e7ekle\u015ftirilmek istenen anmaya polis ekipleri m\u00fcdahale etti. M\u00fcdahalede g\u00f6zalt\u0131lar\u0131n oldu\u011fu \u00f6\u011frenildi.\u00a0<a href=\"https:\/\/www.cumhuriyet.com.tr\/turkiye\/taksim-kazanci-yokusunda-1-mayis-anmasi-gozaltilar-var-2498875\" target=\"_blank\" class=\"feedzy-rss-link-icon\">Read More<\/a><\/p>","protected":false},"excerpt":{"rendered":"<p>1 May\u0131s eylemlerinde katledilenler i\u00e7in Taksim Kazanc\u0131 yoku\u015funda ger\u00e7ekle\u015ftirilmek istenen anmaya polis ekipleri m\u00fcdahale etti. M\u00fcdahalede g\u00f6zalt\u0131lar\u0131n oldu\u011fu \u00f6\u011frenildi.1 May\u0131s eylemlerinde katledilenler i\u00e7in Taksim Kazanc\u0131 yoku\u015funda ger\u00e7ekle\u015ftirilmek istenen anmaya polis ekipleri m\u00fcdahale etti. M\u00fcdahalede g\u00f6zalt\u0131lar\u0131n oldu\u011fu \u00f6\u011frenildi.\u00a0Read More<\/p>\n","protected":false},"author":1,"featured_media":27550,"comment_status":"open","ping_status":"open","sticky":false,"template":"","format":"standard","meta":{"footnotes":"","_links_to":"","_links_to_target":""},"categories":[1],"tags":[],"class_list":["post-27549","post","type-post","status-publish","format-standard","has-post-thumbnail","hentry","category-haberler"],"_links":{"self":[{"href":"https:\/\/www.abchukuk.com\/index.php\/wp-json\/wp\/v2\/posts\/27549","targetHints":{"allow":["GET"]}}],"collection":[{"href":"https:\/\/www.abchukuk.com\/index.php\/wp-json\/wp\/v2\/posts"}],"about":[{"href":"https:\/\/www.abchukuk.com\/index.php\/wp-json\/wp\/v2\/types\/post"}],"author":[{"embeddable":true,"href":"https:\/\/www.abchukuk.com\/index.php\/wp-json\/wp\/v2\/users\/1"}],"replies":[{"embeddable":true,"href":"https:\/\/www.abchukuk.com\/index.php\/wp-json\/wp\/v2\/comments?post=27549"}],"version-history":[{"count":0,"href":"https:\/\/www.abchukuk.com\/index.php\/wp-json\/wp\/v2\/posts\/27549\/revisions"}],"wp:featuredmedia":[{"embeddable":true,"href":"https:\/\/www.abchukuk.com\/index.php\/wp-json\/wp\/v2\/media\/27550"}],"wp:attachment":[{"href":"https:\/\/www.abchukuk.com\/index.php\/wp-json\/wp\/v2\/media?parent=27549"}],"wp:term":[{"taxonomy":"category","embeddable":true,"href":"https:\/\/www.abchukuk.com\/index.php\/wp-json\/wp\/v2\/categories?post=27549"},{"taxonomy":"post_tag","embeddable":true,"href":"https:\/\/www.abchukuk.com\/index.php\/wp-json\/wp\/v2\/tags?post=27549"}],"curies":[{"name":"wp","href":"https:\/\/api.w.org\/{rel}","templated":true}]}}