{"id":27543,"date":"2026-04-27T10:37:00","date_gmt":"2026-04-27T10:37:00","guid":{"rendered":"https:\/\/www.abchukuk.com\/index.php\/2026\/04\/27\/gulistan-doku-sorusturmasinda-bilgi-islem-gorevlileri-adliyeye-sevk-edildi\/"},"modified":"2026-04-27T10:37:00","modified_gmt":"2026-04-27T10:37:00","slug":"gulistan-doku-sorusturmasinda-bilgi-islem-gorevlileri-adliyeye-sevk-edildi","status":"publish","type":"post","link":"https:\/\/www.abchukuk.com\/index.php\/2026\/04\/27\/gulistan-doku-sorusturmasinda-bilgi-islem-gorevlileri-adliyeye-sevk-edildi\/","title":{"rendered":"G\u00fclistan Doku Soru\u015fturmas\u0131nda Bilgi \u0130\u015flem G\u00f6revlileri Adliyeye Sevk Edildi"},"content":{"rendered":"<p><a href=\"https:\/\/www.gercekgundem.com\/guncel\/gulistan-doku-sorusturmasinda-bilgi-islem-gorevlileri-adliyeye-sevk-edildi-570459\"><br \/>\n                                                            <img decoding=\"async\" src=\"https:\/\/i.gercekgundem.com\/2\/150\/84\/storage\/files\/images\/2026\/04\/27\/gulistan-doku-sorusturmasinda-bilgi-islem-gorevlileri-adliyeye-sevk-edildi-zo60.jpg\" width=\"150\" height=\"84\" border=\"0\" align=\"right\" \/><br \/>\n                                                    <\/a><\/p>\n<h4>Tunceli Cumhuriyet Ba\u015fsavc\u0131l\u0131\u011f\u0131\u2019n\u0131n y\u00fcr\u00fctt\u00fc\u011f\u00fc G\u00fclistan Doku soru\u015fturmas\u0131 kapsam\u0131nda hastane kay\u0131tlar\u0131n\u0131n silindi\u011fi iddias\u0131yla \u2018Delilleri yok etme ve gizleme\u2019 su\u00e7lamas\u0131yla g\u00f6zalt\u0131na al\u0131nan Tunceli Devlet Hastanesi bilgi i\u015flem g\u00f6revlileri Bur\u00e7in Y. ve Y\u00fccel E., adliyeye sevk edildi.<\/h4>\n<p>Tunceli Cumhuriyet Ba\u015fsavc\u0131l\u0131\u011f\u0131\u2019n\u0131n y\u00fcr\u00fctt\u00fc\u011f\u00fc G\u00fclistan Doku soru\u015fturmas\u0131 kapsam\u0131nda hastane kay\u0131tlar\u0131n\u0131n silindi\u011fi iddias\u0131yla \u2018Delilleri yok etme ve gizleme\u2019 su\u00e7lamas\u0131yla g\u00f6zalt\u0131na al\u0131nan Tunceli Devlet Hastanesi bilgi i\u015flem g\u00f6revlileri Bur\u00e7in Y. ve Y\u00fccel E., adliyeye sevk edildi.\u00a0<a href=\"https:\/\/www.gercekgundem.com\/guncel\/gulistan-doku-sorusturmasinda-bilgi-islem-gorevlileri-adliyeye-sevk-edildi-570459\" target=\"_blank\" class=\"feedzy-rss-link-icon\">Read More<\/a><\/p>","protected":false},"excerpt":{"rendered":"<p>Tunceli Cumhuriyet Ba\u015fsavc\u0131l\u0131\u011f\u0131\u2019n\u0131n y\u00fcr\u00fctt\u00fc\u011f\u00fc G\u00fclistan Doku soru\u015fturmas\u0131 kapsam\u0131nda hastane kay\u0131tlar\u0131n\u0131n silindi\u011fi iddias\u0131yla \u2018Delilleri yok etme ve gizleme\u2019 su\u00e7lamas\u0131yla g\u00f6zalt\u0131na al\u0131nan Tunceli Devlet Hastanesi bilgi i\u015flem g\u00f6revlileri Bur\u00e7in Y. ve Y\u00fccel E., adliyeye sevk edildi. Tunceli Cumhuriyet Ba\u015fsavc\u0131l\u0131\u011f\u0131\u2019n\u0131n y\u00fcr\u00fctt\u00fc\u011f\u00fc G\u00fclistan Doku soru\u015fturmas\u0131 kapsam\u0131nda hastane kay\u0131tlar\u0131n\u0131n silindi\u011fi iddias\u0131yla \u2018Delilleri yok etme ve gizleme\u2019 su\u00e7lamas\u0131yla g\u00f6zalt\u0131na al\u0131nan Tunceli [&hellip;]<\/p>\n","protected":false},"author":1,"featured_media":27544,"comment_status":"open","ping_status":"open","sticky":false,"template":"","format":"standard","meta":{"footnotes":"","_links_to":"","_links_to_target":""},"categories":[1],"tags":[],"class_list":["post-27543","post","type-post","status-publish","format-standard","has-post-thumbnail","hentry","category-haberler"],"_links":{"self":[{"href":"https:\/\/www.abchukuk.com\/index.php\/wp-json\/wp\/v2\/posts\/27543","targetHints":{"allow":["GET"]}}],"collection":[{"href":"https:\/\/www.abchukuk.com\/index.php\/wp-json\/wp\/v2\/posts"}],"about":[{"href":"https:\/\/www.abchukuk.com\/index.php\/wp-json\/wp\/v2\/types\/post"}],"author":[{"embeddable":true,"href":"https:\/\/www.abchukuk.com\/index.php\/wp-json\/wp\/v2\/users\/1"}],"replies":[{"embeddable":true,"href":"https:\/\/www.abchukuk.com\/index.php\/wp-json\/wp\/v2\/comments?post=27543"}],"version-history":[{"count":0,"href":"https:\/\/www.abchukuk.com\/index.php\/wp-json\/wp\/v2\/posts\/27543\/revisions"}],"wp:featuredmedia":[{"embeddable":true,"href":"https:\/\/www.abchukuk.com\/index.php\/wp-json\/wp\/v2\/media\/27544"}],"wp:attachment":[{"href":"https:\/\/www.abchukuk.com\/index.php\/wp-json\/wp\/v2\/media?parent=27543"}],"wp:term":[{"taxonomy":"category","embeddable":true,"href":"https:\/\/www.abchukuk.com\/index.php\/wp-json\/wp\/v2\/categories?post=27543"},{"taxonomy":"post_tag","embeddable":true,"href":"https:\/\/www.abchukuk.com\/index.php\/wp-json\/wp\/v2\/tags?post=27543"}],"curies":[{"name":"wp","href":"https:\/\/api.w.org\/{rel}","templated":true}]}}