{"id":2754,"date":"2025-08-29T01:00:00","date_gmt":"2025-08-29T01:00:00","guid":{"rendered":"http:\/\/www.lopsssdoner.com\/index.php\/2025\/08\/29\/avrupali-belediye-baskanlarindan-160-gundur-tutuklu-imamogluna-destek-ziyareti-ortak-ozgurluk-sesi\/"},"modified":"2025-08-29T01:00:00","modified_gmt":"2025-08-29T01:00:00","slug":"avrupali-belediye-baskanlarindan-160-gundur-tutuklu-imamogluna-destek-ziyareti-ortak-ozgurluk-sesi","status":"publish","type":"post","link":"https:\/\/www.abchukuk.com\/index.php\/2025\/08\/29\/avrupali-belediye-baskanlarindan-160-gundur-tutuklu-imamogluna-destek-ziyareti-ortak-ozgurluk-sesi\/","title":{"rendered":"Avrupal\u0131 belediye ba\u015fkanlar\u0131ndan 160 g\u00fcnd\u00fcr tutuklu \u0130mamo\u011flu\u2019na destek ziyareti: Ortak \u00f6zg\u00fcrl\u00fck sesi"},"content":{"rendered":"<p>Avrupa\u2019dan B40 \u00fcyesi \u015fehirlerin ba\u015fkanlar\u0131, hapisteki meslekta\u015flar\u0131 \u0130mamo\u011flu\u2019na \u00f6d\u00fcl verdi. Silivri\u2019de g\u00f6r\u00fc\u015fmeleri engellenen ba\u015fkanlar, \u2018Bu cezaevinin kap\u0131lar\u0131, milyonlarca vatanda\u015f\u0131n iradesini gasp ediyor\u2019 vurgusu yapt\u0131.Avrupa\u2019dan B40 \u00fcyesi \u015fehirlerin ba\u015fkanlar\u0131, hapisteki meslekta\u015flar\u0131 \u0130mamo\u011flu\u2019na \u00f6d\u00fcl verdi. Silivri\u2019de g\u00f6r\u00fc\u015fmeleri engellenen ba\u015fkanlar, \u2018Bu cezaevinin kap\u0131lar\u0131, milyonlarca vatanda\u015f\u0131n iradesini gasp ediyor\u2019 vurgusu yapt\u0131.\u00a0<a href=\"https:\/\/www.cumhuriyet.com.tr\/turkiye\/avrupali-belediye-baskanlarindan-160-gundur-tutuklu-imamoglu-na-destek-ziyareti-ortak-ozgurluk-sesi-2430323\" target=\"_blank\" class=\"feedzy-rss-link-icon\">Read More<\/a><\/p>","protected":false},"excerpt":{"rendered":"<p>Avrupa\u2019dan B40 \u00fcyesi \u015fehirlerin ba\u015fkanlar\u0131, hapisteki meslekta\u015flar\u0131 \u0130mamo\u011flu\u2019na \u00f6d\u00fcl verdi. Silivri\u2019de g\u00f6r\u00fc\u015fmeleri engellenen ba\u015fkanlar, \u2018Bu cezaevinin kap\u0131lar\u0131, milyonlarca vatanda\u015f\u0131n iradesini gasp ediyor\u2019 vurgusu yapt\u0131.Avrupa\u2019dan B40 \u00fcyesi \u015fehirlerin ba\u015fkanlar\u0131, hapisteki meslekta\u015flar\u0131 \u0130mamo\u011flu\u2019na \u00f6d\u00fcl verdi. Silivri\u2019de g\u00f6r\u00fc\u015fmeleri engellenen ba\u015fkanlar, \u2018Bu cezaevinin kap\u0131lar\u0131, milyonlarca vatanda\u015f\u0131n iradesini gasp ediyor\u2019 vurgusu yapt\u0131.\u00a0Read More<\/p>\n","protected":false},"author":1,"featured_media":2755,"comment_status":"open","ping_status":"open","sticky":false,"template":"","format":"standard","meta":{"footnotes":"","_links_to":"","_links_to_target":""},"categories":[1],"tags":[],"class_list":["post-2754","post","type-post","status-publish","format-standard","has-post-thumbnail","hentry","category-haberler"],"_links":{"self":[{"href":"https:\/\/www.abchukuk.com\/index.php\/wp-json\/wp\/v2\/posts\/2754","targetHints":{"allow":["GET"]}}],"collection":[{"href":"https:\/\/www.abchukuk.com\/index.php\/wp-json\/wp\/v2\/posts"}],"about":[{"href":"https:\/\/www.abchukuk.com\/index.php\/wp-json\/wp\/v2\/types\/post"}],"author":[{"embeddable":true,"href":"https:\/\/www.abchukuk.com\/index.php\/wp-json\/wp\/v2\/users\/1"}],"replies":[{"embeddable":true,"href":"https:\/\/www.abchukuk.com\/index.php\/wp-json\/wp\/v2\/comments?post=2754"}],"version-history":[{"count":0,"href":"https:\/\/www.abchukuk.com\/index.php\/wp-json\/wp\/v2\/posts\/2754\/revisions"}],"wp:featuredmedia":[{"embeddable":true,"href":"https:\/\/www.abchukuk.com\/index.php\/wp-json\/wp\/v2\/media\/2755"}],"wp:attachment":[{"href":"https:\/\/www.abchukuk.com\/index.php\/wp-json\/wp\/v2\/media?parent=2754"}],"wp:term":[{"taxonomy":"category","embeddable":true,"href":"https:\/\/www.abchukuk.com\/index.php\/wp-json\/wp\/v2\/categories?post=2754"},{"taxonomy":"post_tag","embeddable":true,"href":"https:\/\/www.abchukuk.com\/index.php\/wp-json\/wp\/v2\/tags?post=2754"}],"curies":[{"name":"wp","href":"https:\/\/api.w.org\/{rel}","templated":true}]}}