{"id":27533,"date":"2026-04-27T07:01:00","date_gmt":"2026-04-27T07:01:00","guid":{"rendered":"https:\/\/www.abchukuk.com\/index.php\/2026\/04\/27\/ogretmen-fatma-nur-celik-cinayetinde-ikinci-durusma-bugun\/"},"modified":"2026-04-27T07:01:00","modified_gmt":"2026-04-27T07:01:00","slug":"ogretmen-fatma-nur-celik-cinayetinde-ikinci-durusma-bugun","status":"publish","type":"post","link":"https:\/\/www.abchukuk.com\/index.php\/2026\/04\/27\/ogretmen-fatma-nur-celik-cinayetinde-ikinci-durusma-bugun\/","title":{"rendered":"\u00d6\u011fretmen Fatma Nur \u00c7elik cinayetinde ikinci duru\u015fma bug\u00fcn"},"content":{"rendered":"<p>\u0130stanbul \u00c7ekmek\u00f6y&#8217;de lise \u00f6\u011fretmeni Fatma Nur \u00c7elik\u2019i b\u0131\u00e7aklayarak katleden ve 6 ki\u015fiyi yaralayan Furkan Samet Bakal\u0131m\u2019\u0131n (17) yarg\u0131land\u0131\u011f\u0131 davan\u0131n 2&#8217;nci duru\u015fmas\u0131nda tan\u0131klar dinlenecek.\u0130stanbul \u00c7ekmek\u00f6y&#8217;de lise \u00f6\u011fretmeni Fatma Nur \u00c7elik\u2019i b\u0131\u00e7aklayarak katleden ve 6 ki\u015fiyi yaralayan Furkan Samet Bakal\u0131m\u2019\u0131n (17) yarg\u0131land\u0131\u011f\u0131 davan\u0131n 2&#8217;nci duru\u015fmas\u0131nda tan\u0131klar dinlenecek.\u00a0<a href=\"https:\/\/www.cumhuriyet.com.tr\/turkiye\/ogretmen-fatma-nur-celik-cinayetinde-ikinci-durusma-bugun-2498784\" target=\"_blank\" class=\"feedzy-rss-link-icon\">Read More<\/a><\/p>","protected":false},"excerpt":{"rendered":"<p>\u0130stanbul \u00c7ekmek\u00f6y&#8217;de lise \u00f6\u011fretmeni Fatma Nur \u00c7elik\u2019i b\u0131\u00e7aklayarak katleden ve 6 ki\u015fiyi yaralayan Furkan Samet Bakal\u0131m\u2019\u0131n (17) yarg\u0131land\u0131\u011f\u0131 davan\u0131n 2&#8217;nci duru\u015fmas\u0131nda tan\u0131klar dinlenecek.\u0130stanbul \u00c7ekmek\u00f6y&#8217;de lise \u00f6\u011fretmeni Fatma Nur \u00c7elik\u2019i b\u0131\u00e7aklayarak katleden ve 6 ki\u015fiyi yaralayan Furkan Samet Bakal\u0131m\u2019\u0131n (17) yarg\u0131land\u0131\u011f\u0131 davan\u0131n 2&#8217;nci duru\u015fmas\u0131nda tan\u0131klar dinlenecek.\u00a0Read More<\/p>\n","protected":false},"author":1,"featured_media":27534,"comment_status":"open","ping_status":"open","sticky":false,"template":"","format":"standard","meta":{"footnotes":"","_links_to":"","_links_to_target":""},"categories":[1],"tags":[],"class_list":["post-27533","post","type-post","status-publish","format-standard","has-post-thumbnail","hentry","category-haberler"],"_links":{"self":[{"href":"https:\/\/www.abchukuk.com\/index.php\/wp-json\/wp\/v2\/posts\/27533","targetHints":{"allow":["GET"]}}],"collection":[{"href":"https:\/\/www.abchukuk.com\/index.php\/wp-json\/wp\/v2\/posts"}],"about":[{"href":"https:\/\/www.abchukuk.com\/index.php\/wp-json\/wp\/v2\/types\/post"}],"author":[{"embeddable":true,"href":"https:\/\/www.abchukuk.com\/index.php\/wp-json\/wp\/v2\/users\/1"}],"replies":[{"embeddable":true,"href":"https:\/\/www.abchukuk.com\/index.php\/wp-json\/wp\/v2\/comments?post=27533"}],"version-history":[{"count":0,"href":"https:\/\/www.abchukuk.com\/index.php\/wp-json\/wp\/v2\/posts\/27533\/revisions"}],"wp:featuredmedia":[{"embeddable":true,"href":"https:\/\/www.abchukuk.com\/index.php\/wp-json\/wp\/v2\/media\/27534"}],"wp:attachment":[{"href":"https:\/\/www.abchukuk.com\/index.php\/wp-json\/wp\/v2\/media?parent=27533"}],"wp:term":[{"taxonomy":"category","embeddable":true,"href":"https:\/\/www.abchukuk.com\/index.php\/wp-json\/wp\/v2\/categories?post=27533"},{"taxonomy":"post_tag","embeddable":true,"href":"https:\/\/www.abchukuk.com\/index.php\/wp-json\/wp\/v2\/tags?post=27533"}],"curies":[{"name":"wp","href":"https:\/\/api.w.org\/{rel}","templated":true}]}}