{"id":27531,"date":"2026-04-27T07:07:00","date_gmt":"2026-04-27T07:07:00","guid":{"rendered":"https:\/\/www.abchukuk.com\/index.php\/2026\/04\/27\/izmirde-sol-genc-uyelerine-gozalti-ve-yakalama-karari\/"},"modified":"2026-04-27T07:07:00","modified_gmt":"2026-04-27T07:07:00","slug":"izmirde-sol-genc-uyelerine-gozalti-ve-yakalama-karari","status":"publish","type":"post","link":"https:\/\/www.abchukuk.com\/index.php\/2026\/04\/27\/izmirde-sol-genc-uyelerine-gozalti-ve-yakalama-karari\/","title":{"rendered":"\u0130zmir&#8217;de SOL Gen\u00e7 \u00fcyelerine g\u00f6zalt\u0131 ve yakalama karar\u0131"},"content":{"rendered":"<p>\u0130zmir&#8217;de SOL Gen\u00e7 \u00fcyesi bir ki\u015fi g\u00f6zalt\u0131na al\u0131nd\u0131, iki ki\u015fiye ise yakalama karar\u0131 verildi. SOL Parti \u0130zmir \u0130l \u00d6rg\u00fct\u00fc taraf\u0131ndan yap\u0131lan a\u00e7\u0131klamada, &#8220;Memleketi, \u00fcniversiteleri, karanl\u0131\u011f\u0131 hep beraber par\u00e7alayaca\u011f\u0131z. Arkada\u015flar\u0131m\u0131z\u0131 derhal serbest b\u0131rak\u0131n&#8221; denildi.\u0130zmir&#8217;de SOL Gen\u00e7 \u00fcyesi bir ki\u015fi g\u00f6zalt\u0131na al\u0131nd\u0131, iki ki\u015fiye ise yakalama karar\u0131 verildi. SOL Parti \u0130zmir \u0130l \u00d6rg\u00fct\u00fc taraf\u0131ndan yap\u0131lan a\u00e7\u0131klamada, &#8220;Memleketi, \u00fcniversiteleri, karanl\u0131\u011f\u0131 hep beraber par\u00e7alayaca\u011f\u0131z. Arkada\u015flar\u0131m\u0131z\u0131 derhal serbest b\u0131rak\u0131n&#8221; denildi.\u00a0<a href=\"https:\/\/www.cumhuriyet.com.tr\/cumhuriyet-in-egesi\/izmir-de-sol-genc-uyelerine-gozalti-ve-yakalama-karari-2498788\" target=\"_blank\" class=\"feedzy-rss-link-icon\">Read More<\/a><\/p>","protected":false},"excerpt":{"rendered":"<p>\u0130zmir&#8217;de SOL Gen\u00e7 \u00fcyesi bir ki\u015fi g\u00f6zalt\u0131na al\u0131nd\u0131, iki ki\u015fiye ise yakalama karar\u0131 verildi. SOL Parti \u0130zmir \u0130l \u00d6rg\u00fct\u00fc taraf\u0131ndan yap\u0131lan a\u00e7\u0131klamada, &#8220;Memleketi, \u00fcniversiteleri, karanl\u0131\u011f\u0131 hep beraber par\u00e7alayaca\u011f\u0131z. Arkada\u015flar\u0131m\u0131z\u0131 derhal serbest b\u0131rak\u0131n&#8221; denildi.\u0130zmir&#8217;de SOL Gen\u00e7 \u00fcyesi bir ki\u015fi g\u00f6zalt\u0131na al\u0131nd\u0131, iki ki\u015fiye ise yakalama karar\u0131 verildi. SOL Parti \u0130zmir \u0130l \u00d6rg\u00fct\u00fc taraf\u0131ndan yap\u0131lan a\u00e7\u0131klamada, &#8220;Memleketi, [&hellip;]<\/p>\n","protected":false},"author":1,"featured_media":27532,"comment_status":"open","ping_status":"open","sticky":false,"template":"","format":"standard","meta":{"footnotes":"","_links_to":"","_links_to_target":""},"categories":[1],"tags":[],"class_list":["post-27531","post","type-post","status-publish","format-standard","has-post-thumbnail","hentry","category-haberler"],"_links":{"self":[{"href":"https:\/\/www.abchukuk.com\/index.php\/wp-json\/wp\/v2\/posts\/27531","targetHints":{"allow":["GET"]}}],"collection":[{"href":"https:\/\/www.abchukuk.com\/index.php\/wp-json\/wp\/v2\/posts"}],"about":[{"href":"https:\/\/www.abchukuk.com\/index.php\/wp-json\/wp\/v2\/types\/post"}],"author":[{"embeddable":true,"href":"https:\/\/www.abchukuk.com\/index.php\/wp-json\/wp\/v2\/users\/1"}],"replies":[{"embeddable":true,"href":"https:\/\/www.abchukuk.com\/index.php\/wp-json\/wp\/v2\/comments?post=27531"}],"version-history":[{"count":0,"href":"https:\/\/www.abchukuk.com\/index.php\/wp-json\/wp\/v2\/posts\/27531\/revisions"}],"wp:featuredmedia":[{"embeddable":true,"href":"https:\/\/www.abchukuk.com\/index.php\/wp-json\/wp\/v2\/media\/27532"}],"wp:attachment":[{"href":"https:\/\/www.abchukuk.com\/index.php\/wp-json\/wp\/v2\/media?parent=27531"}],"wp:term":[{"taxonomy":"category","embeddable":true,"href":"https:\/\/www.abchukuk.com\/index.php\/wp-json\/wp\/v2\/categories?post=27531"},{"taxonomy":"post_tag","embeddable":true,"href":"https:\/\/www.abchukuk.com\/index.php\/wp-json\/wp\/v2\/tags?post=27531"}],"curies":[{"name":"wp","href":"https:\/\/api.w.org\/{rel}","templated":true}]}}