{"id":27523,"date":"2026-04-27T07:40:00","date_gmt":"2026-04-27T07:40:00","guid":{"rendered":"https:\/\/www.abchukuk.com\/index.php\/2026\/04\/27\/eskisehirde-20-yillik-kayip-dosyasi-yeniden-acildi-cok-sayida-gozalti-var\/"},"modified":"2026-04-27T07:40:00","modified_gmt":"2026-04-27T07:40:00","slug":"eskisehirde-20-yillik-kayip-dosyasi-yeniden-acildi-cok-sayida-gozalti-var","status":"publish","type":"post","link":"https:\/\/www.abchukuk.com\/index.php\/2026\/04\/27\/eskisehirde-20-yillik-kayip-dosyasi-yeniden-acildi-cok-sayida-gozalti-var\/","title":{"rendered":"Eski\u015fehir&#8217;de 20 y\u0131ll\u0131k kay\u0131p dosyas\u0131 yeniden a\u00e7\u0131ld\u0131: \u00c7ok say\u0131da g\u00f6zalt\u0131 var"},"content":{"rendered":"<p>Eski\u015fehir&#8217;de 2006 y\u0131l\u0131nda kaybolduktan sonra kendisinden haber al\u0131namayan Hamdi Karaku\u015f\u2019un \u00f6ld\u00fcr\u00fcld\u00fc\u011f\u00fc \u015f\u00fcphesiyle 3 y\u0131l \u00f6nce JASAT dedektiflerince yeniden ba\u015flat\u0131lan soru\u015fturmada 12 \u015f\u00fcpheli g\u00f6zalt\u0131na al\u0131nd\u0131.Eski\u015fehir&#8217;de 2006 y\u0131l\u0131nda kaybolduktan sonra kendisinden haber al\u0131namayan Hamdi Karaku\u015f\u2019un \u00f6ld\u00fcr\u00fcld\u00fc\u011f\u00fc \u015f\u00fcphesiyle 3 y\u0131l \u00f6nce JASAT dedektiflerince yeniden ba\u015flat\u0131lan soru\u015fturmada 12 \u015f\u00fcpheli g\u00f6zalt\u0131na al\u0131nd\u0131.\u00a0<a href=\"https:\/\/www.cumhuriyet.com.tr\/turkiye\/eskisehir-de-20-yillik-kayip-dosyasi-yeniden-acildi-cok-sayida-gozalti-var-2498803\" target=\"_blank\" class=\"feedzy-rss-link-icon\">Read More<\/a><\/p>","protected":false},"excerpt":{"rendered":"<p>Eski\u015fehir&#8217;de 2006 y\u0131l\u0131nda kaybolduktan sonra kendisinden haber al\u0131namayan Hamdi Karaku\u015f\u2019un \u00f6ld\u00fcr\u00fcld\u00fc\u011f\u00fc \u015f\u00fcphesiyle 3 y\u0131l \u00f6nce JASAT dedektiflerince yeniden ba\u015flat\u0131lan soru\u015fturmada 12 \u015f\u00fcpheli g\u00f6zalt\u0131na al\u0131nd\u0131.Eski\u015fehir&#8217;de 2006 y\u0131l\u0131nda kaybolduktan sonra kendisinden haber al\u0131namayan Hamdi Karaku\u015f\u2019un \u00f6ld\u00fcr\u00fcld\u00fc\u011f\u00fc \u015f\u00fcphesiyle 3 y\u0131l \u00f6nce JASAT dedektiflerince yeniden ba\u015flat\u0131lan soru\u015fturmada 12 \u015f\u00fcpheli g\u00f6zalt\u0131na al\u0131nd\u0131.\u00a0Read More<\/p>\n","protected":false},"author":1,"featured_media":27524,"comment_status":"open","ping_status":"open","sticky":false,"template":"","format":"standard","meta":{"footnotes":"","_links_to":"","_links_to_target":""},"categories":[1],"tags":[],"class_list":["post-27523","post","type-post","status-publish","format-standard","has-post-thumbnail","hentry","category-haberler"],"_links":{"self":[{"href":"https:\/\/www.abchukuk.com\/index.php\/wp-json\/wp\/v2\/posts\/27523","targetHints":{"allow":["GET"]}}],"collection":[{"href":"https:\/\/www.abchukuk.com\/index.php\/wp-json\/wp\/v2\/posts"}],"about":[{"href":"https:\/\/www.abchukuk.com\/index.php\/wp-json\/wp\/v2\/types\/post"}],"author":[{"embeddable":true,"href":"https:\/\/www.abchukuk.com\/index.php\/wp-json\/wp\/v2\/users\/1"}],"replies":[{"embeddable":true,"href":"https:\/\/www.abchukuk.com\/index.php\/wp-json\/wp\/v2\/comments?post=27523"}],"version-history":[{"count":0,"href":"https:\/\/www.abchukuk.com\/index.php\/wp-json\/wp\/v2\/posts\/27523\/revisions"}],"wp:featuredmedia":[{"embeddable":true,"href":"https:\/\/www.abchukuk.com\/index.php\/wp-json\/wp\/v2\/media\/27524"}],"wp:attachment":[{"href":"https:\/\/www.abchukuk.com\/index.php\/wp-json\/wp\/v2\/media?parent=27523"}],"wp:term":[{"taxonomy":"category","embeddable":true,"href":"https:\/\/www.abchukuk.com\/index.php\/wp-json\/wp\/v2\/categories?post=27523"},{"taxonomy":"post_tag","embeddable":true,"href":"https:\/\/www.abchukuk.com\/index.php\/wp-json\/wp\/v2\/tags?post=27523"}],"curies":[{"name":"wp","href":"https:\/\/api.w.org\/{rel}","templated":true}]}}