{"id":27521,"date":"2026-04-27T07:48:04","date_gmt":"2026-04-27T07:48:04","guid":{"rendered":"https:\/\/www.abchukuk.com\/index.php\/2026\/04\/27\/fatma-nur-ogretmen-davasinda-ikinci-durusma\/"},"modified":"2026-04-27T07:48:04","modified_gmt":"2026-04-27T07:48:04","slug":"fatma-nur-ogretmen-davasinda-ikinci-durusma","status":"publish","type":"post","link":"https:\/\/www.abchukuk.com\/index.php\/2026\/04\/27\/fatma-nur-ogretmen-davasinda-ikinci-durusma\/","title":{"rendered":"Fatma Nur \u00d6\u011fretmen Davas\u0131nda \u0130kinci Duru\u015fma"},"content":{"rendered":"<p><a href=\"https:\/\/www.gercekgundem.com\/guncel\/fatma-nur-ogretmen-davasinda-ikinci-durusma-570441\"><br \/>\n                                                            <img decoding=\"async\" src=\"https:\/\/i.gercekgundem.com\/2\/150\/84\/storage\/files\/images\/2026\/04\/27\/fatma-nur-ogretmen-davasinda-ikinci-durusma-hp1g.jpg\" width=\"150\" height=\"84\" border=\"0\" align=\"right\" \/><br \/>\n                                                    <\/a><\/p>\n<h4>\u0130stanbul \u00c7ekmek\u00f6y&#8217;dee lise \u00f6\u011fretmeni Fatma Nur \u00c7elik\u2019i b\u0131\u00e7aklayarak \u00f6ld\u00fcren ve 6 ki\u015fiyi yaralayan 17 ya\u015f\u0131ndaki su\u00e7a s\u00fcr\u00fcklenen \u00e7ocuk F. S. B.\u2019nin yarg\u0131land\u0131\u011f\u0131 davan\u0131n bug\u00fcn g\u00f6r\u00fclecek 2&#8217;nci duru\u015fmas\u0131nda tan\u0131klar dinlenecek.<\/h4>\n<p>\u0130stanbul \u00c7ekmek\u00f6y&#8217;dee lise \u00f6\u011fretmeni Fatma Nur \u00c7elik\u2019i b\u0131\u00e7aklayarak \u00f6ld\u00fcren ve 6 ki\u015fiyi yaralayan 17 ya\u015f\u0131ndaki su\u00e7a s\u00fcr\u00fcklenen \u00e7ocuk F. S. B.\u2019nin yarg\u0131land\u0131\u011f\u0131 davan\u0131n bug\u00fcn g\u00f6r\u00fclecek 2&#8217;nci duru\u015fmas\u0131nda tan\u0131klar dinlenecek.\u00a0<a href=\"https:\/\/www.gercekgundem.com\/guncel\/fatma-nur-ogretmen-davasinda-ikinci-durusma-570441\" target=\"_blank\" class=\"feedzy-rss-link-icon\">Read More<\/a><\/p>","protected":false},"excerpt":{"rendered":"<p>\u0130stanbul \u00c7ekmek\u00f6y&#8217;dee lise \u00f6\u011fretmeni Fatma Nur \u00c7elik\u2019i b\u0131\u00e7aklayarak \u00f6ld\u00fcren ve 6 ki\u015fiyi yaralayan 17 ya\u015f\u0131ndaki su\u00e7a s\u00fcr\u00fcklenen \u00e7ocuk F. S. B.\u2019nin yarg\u0131land\u0131\u011f\u0131 davan\u0131n bug\u00fcn g\u00f6r\u00fclecek 2&#8217;nci duru\u015fmas\u0131nda tan\u0131klar dinlenecek. \u0130stanbul \u00c7ekmek\u00f6y&#8217;dee lise \u00f6\u011fretmeni Fatma Nur \u00c7elik\u2019i b\u0131\u00e7aklayarak \u00f6ld\u00fcren ve 6 ki\u015fiyi yaralayan 17 ya\u015f\u0131ndaki su\u00e7a s\u00fcr\u00fcklenen \u00e7ocuk F. S. B.\u2019nin yarg\u0131land\u0131\u011f\u0131 davan\u0131n bug\u00fcn g\u00f6r\u00fclecek 2&#8217;nci [&hellip;]<\/p>\n","protected":false},"author":1,"featured_media":27522,"comment_status":"open","ping_status":"open","sticky":false,"template":"","format":"standard","meta":{"footnotes":"","_links_to":"","_links_to_target":""},"categories":[1],"tags":[],"class_list":["post-27521","post","type-post","status-publish","format-standard","has-post-thumbnail","hentry","category-haberler"],"_links":{"self":[{"href":"https:\/\/www.abchukuk.com\/index.php\/wp-json\/wp\/v2\/posts\/27521","targetHints":{"allow":["GET"]}}],"collection":[{"href":"https:\/\/www.abchukuk.com\/index.php\/wp-json\/wp\/v2\/posts"}],"about":[{"href":"https:\/\/www.abchukuk.com\/index.php\/wp-json\/wp\/v2\/types\/post"}],"author":[{"embeddable":true,"href":"https:\/\/www.abchukuk.com\/index.php\/wp-json\/wp\/v2\/users\/1"}],"replies":[{"embeddable":true,"href":"https:\/\/www.abchukuk.com\/index.php\/wp-json\/wp\/v2\/comments?post=27521"}],"version-history":[{"count":0,"href":"https:\/\/www.abchukuk.com\/index.php\/wp-json\/wp\/v2\/posts\/27521\/revisions"}],"wp:featuredmedia":[{"embeddable":true,"href":"https:\/\/www.abchukuk.com\/index.php\/wp-json\/wp\/v2\/media\/27522"}],"wp:attachment":[{"href":"https:\/\/www.abchukuk.com\/index.php\/wp-json\/wp\/v2\/media?parent=27521"}],"wp:term":[{"taxonomy":"category","embeddable":true,"href":"https:\/\/www.abchukuk.com\/index.php\/wp-json\/wp\/v2\/categories?post=27521"},{"taxonomy":"post_tag","embeddable":true,"href":"https:\/\/www.abchukuk.com\/index.php\/wp-json\/wp\/v2\/tags?post=27521"}],"curies":[{"name":"wp","href":"https:\/\/api.w.org\/{rel}","templated":true}]}}