{"id":2752,"date":"2025-08-29T01:00:00","date_gmt":"2025-08-29T01:00:00","guid":{"rendered":"http:\/\/www.lopsssdoner.com\/index.php\/2025\/08\/29\/12-yasindaki-kiz-cocuguna-cinsel-istismarda-bulunan-iki-kisi-hakkinda-tepki-ceken-karar-itiraf-ettiler-serbest-kaldilar\/"},"modified":"2025-08-29T01:00:00","modified_gmt":"2025-08-29T01:00:00","slug":"12-yasindaki-kiz-cocuguna-cinsel-istismarda-bulunan-iki-kisi-hakkinda-tepki-ceken-karar-itiraf-ettiler-serbest-kaldilar","status":"publish","type":"post","link":"https:\/\/www.abchukuk.com\/index.php\/2025\/08\/29\/12-yasindaki-kiz-cocuguna-cinsel-istismarda-bulunan-iki-kisi-hakkinda-tepki-ceken-karar-itiraf-ettiler-serbest-kaldilar\/","title":{"rendered":"12 ya\u015f\u0131ndaki k\u0131z \u00e7ocu\u011funa cinsel istismarda bulunan iki ki\u015fi hakk\u0131nda tepki \u00e7eken karar: \u0130tiraf ettiler, serbest kald\u0131lar"},"content":{"rendered":"<p>\u00c7ocuk istismar\u0131 T\u00fcrkiye\u2019nin en ciddi sorunlar\u0131ndan biri olmaya devam ediyor. Ge\u00e7en g\u00fcnlerde Ankara\u2019da ya\u015fanan olay bu durumu bir kez daha g\u00f6zler \u00f6n\u00fcne sererken Cumhuriyet skandal ayr\u0131nt\u0131lara ula\u015ft\u0131. 12 ya\u015f\u0131ndaki k\u0131z \u00e7ocu\u011funa cinsel istismarda bulunduklar\u0131n\u0131 itiraf eden \u015f\u00fcpheliler, mahkeme karar\u0131yla tutuksuz yarg\u0131lanacak.\u00c7ocuk istismar\u0131 T\u00fcrkiye\u2019nin en ciddi sorunlar\u0131ndan biri olmaya devam ediyor. Ge\u00e7en g\u00fcnlerde Ankara\u2019da ya\u015fanan olay bu durumu bir kez daha g\u00f6zler \u00f6n\u00fcne sererken Cumhuriyet skandal ayr\u0131nt\u0131lara ula\u015ft\u0131. 12 ya\u015f\u0131ndaki k\u0131z \u00e7ocu\u011funa cinsel istismarda bulunduklar\u0131n\u0131 itiraf eden \u015f\u00fcpheliler, mahkeme karar\u0131yla tutuksuz yarg\u0131lanacak.\u00a0<a href=\"https:\/\/www.cumhuriyet.com.tr\/turkiye\/12-yasindaki-kiz-cocuguna-cinsel-istismarda-bulunan-iki-kisi-hakkinda-tepki-ceken-karar-itiraf-ettiler-serbest-kaldilar-2430328\" target=\"_blank\" class=\"feedzy-rss-link-icon\">Read More<\/a><\/p>","protected":false},"excerpt":{"rendered":"<p>\u00c7ocuk istismar\u0131 T\u00fcrkiye\u2019nin en ciddi sorunlar\u0131ndan biri olmaya devam ediyor. Ge\u00e7en g\u00fcnlerde Ankara\u2019da ya\u015fanan olay bu durumu bir kez daha g\u00f6zler \u00f6n\u00fcne sererken Cumhuriyet skandal ayr\u0131nt\u0131lara ula\u015ft\u0131. 12 ya\u015f\u0131ndaki k\u0131z \u00e7ocu\u011funa cinsel istismarda bulunduklar\u0131n\u0131 itiraf eden \u015f\u00fcpheliler, mahkeme karar\u0131yla tutuksuz yarg\u0131lanacak.\u00c7ocuk istismar\u0131 T\u00fcrkiye\u2019nin en ciddi sorunlar\u0131ndan biri olmaya devam ediyor. Ge\u00e7en g\u00fcnlerde Ankara\u2019da ya\u015fanan olay [&hellip;]<\/p>\n","protected":false},"author":1,"featured_media":2753,"comment_status":"open","ping_status":"open","sticky":false,"template":"","format":"standard","meta":{"footnotes":"","_links_to":"","_links_to_target":""},"categories":[1],"tags":[],"class_list":["post-2752","post","type-post","status-publish","format-standard","has-post-thumbnail","hentry","category-haberler"],"_links":{"self":[{"href":"https:\/\/www.abchukuk.com\/index.php\/wp-json\/wp\/v2\/posts\/2752","targetHints":{"allow":["GET"]}}],"collection":[{"href":"https:\/\/www.abchukuk.com\/index.php\/wp-json\/wp\/v2\/posts"}],"about":[{"href":"https:\/\/www.abchukuk.com\/index.php\/wp-json\/wp\/v2\/types\/post"}],"author":[{"embeddable":true,"href":"https:\/\/www.abchukuk.com\/index.php\/wp-json\/wp\/v2\/users\/1"}],"replies":[{"embeddable":true,"href":"https:\/\/www.abchukuk.com\/index.php\/wp-json\/wp\/v2\/comments?post=2752"}],"version-history":[{"count":0,"href":"https:\/\/www.abchukuk.com\/index.php\/wp-json\/wp\/v2\/posts\/2752\/revisions"}],"wp:featuredmedia":[{"embeddable":true,"href":"https:\/\/www.abchukuk.com\/index.php\/wp-json\/wp\/v2\/media\/2753"}],"wp:attachment":[{"href":"https:\/\/www.abchukuk.com\/index.php\/wp-json\/wp\/v2\/media?parent=2752"}],"wp:term":[{"taxonomy":"category","embeddable":true,"href":"https:\/\/www.abchukuk.com\/index.php\/wp-json\/wp\/v2\/categories?post=2752"},{"taxonomy":"post_tag","embeddable":true,"href":"https:\/\/www.abchukuk.com\/index.php\/wp-json\/wp\/v2\/tags?post=2752"}],"curies":[{"name":"wp","href":"https:\/\/api.w.org\/{rel}","templated":true}]}}