{"id":27517,"date":"2026-04-27T08:14:00","date_gmt":"2026-04-27T08:14:00","guid":{"rendered":"https:\/\/www.abchukuk.com\/index.php\/2026\/04\/27\/beyoglunda-3-gun-once-cezaevinden-cikan-kisi-silahli-saldiriya-ugradi\/"},"modified":"2026-04-27T08:14:00","modified_gmt":"2026-04-27T08:14:00","slug":"beyoglunda-3-gun-once-cezaevinden-cikan-kisi-silahli-saldiriya-ugradi","status":"publish","type":"post","link":"https:\/\/www.abchukuk.com\/index.php\/2026\/04\/27\/beyoglunda-3-gun-once-cezaevinden-cikan-kisi-silahli-saldiriya-ugradi\/","title":{"rendered":"Beyo\u011flu&#8217;nda 3 g\u00fcn \u00f6nce cezaevinden \u00e7\u0131kan ki\u015fi silahl\u0131 sald\u0131r\u0131ya u\u011frad\u0131"},"content":{"rendered":"<p>Beyo\u011flu&#8217;nda 3 g\u00fcn \u00f6nce cezaevinden \u00e7\u0131kan Hebun Y., kald\u0131r\u0131mda y\u00fcr\u00fcd\u00fc\u011f\u00fc s\u0131rada silahl\u0131 sald\u0131r\u0131ya u\u011frad\u0131. Baca\u011f\u0131ndan yaralanan Hebun Y. hastaneye kald\u0131r\u0131l\u0131rken \u015f\u00fcpheli Emirhan M. ise k\u0131sa s\u00fcrede yakaland\u0131.Beyo\u011flu&#8217;nda 3 g\u00fcn \u00f6nce cezaevinden \u00e7\u0131kan Hebun Y., kald\u0131r\u0131mda y\u00fcr\u00fcd\u00fc\u011f\u00fc s\u0131rada silahl\u0131 sald\u0131r\u0131ya u\u011frad\u0131. Baca\u011f\u0131ndan yaralanan Hebun Y. hastaneye kald\u0131r\u0131l\u0131rken \u015f\u00fcpheli Emirhan M. ise k\u0131sa s\u00fcrede yakaland\u0131.\u00a0<a href=\"https:\/\/www.cumhuriyet.com.tr\/turkiye\/beyoglu-nda-3-gun-once-cezaevinden-cikan-kisi-silahli-saldiriya-ugradi-2498807\" target=\"_blank\" class=\"feedzy-rss-link-icon\">Read More<\/a><\/p>","protected":false},"excerpt":{"rendered":"<p>Beyo\u011flu&#8217;nda 3 g\u00fcn \u00f6nce cezaevinden \u00e7\u0131kan Hebun Y., kald\u0131r\u0131mda y\u00fcr\u00fcd\u00fc\u011f\u00fc s\u0131rada silahl\u0131 sald\u0131r\u0131ya u\u011frad\u0131. Baca\u011f\u0131ndan yaralanan Hebun Y. hastaneye kald\u0131r\u0131l\u0131rken \u015f\u00fcpheli Emirhan M. ise k\u0131sa s\u00fcrede yakaland\u0131.Beyo\u011flu&#8217;nda 3 g\u00fcn \u00f6nce cezaevinden \u00e7\u0131kan Hebun Y., kald\u0131r\u0131mda y\u00fcr\u00fcd\u00fc\u011f\u00fc s\u0131rada silahl\u0131 sald\u0131r\u0131ya u\u011frad\u0131. Baca\u011f\u0131ndan yaralanan Hebun Y. hastaneye kald\u0131r\u0131l\u0131rken \u015f\u00fcpheli Emirhan M. ise k\u0131sa s\u00fcrede yakaland\u0131.\u00a0Read More<\/p>\n","protected":false},"author":1,"featured_media":27518,"comment_status":"open","ping_status":"open","sticky":false,"template":"","format":"standard","meta":{"footnotes":"","_links_to":"","_links_to_target":""},"categories":[1],"tags":[],"class_list":["post-27517","post","type-post","status-publish","format-standard","has-post-thumbnail","hentry","category-haberler"],"_links":{"self":[{"href":"https:\/\/www.abchukuk.com\/index.php\/wp-json\/wp\/v2\/posts\/27517","targetHints":{"allow":["GET"]}}],"collection":[{"href":"https:\/\/www.abchukuk.com\/index.php\/wp-json\/wp\/v2\/posts"}],"about":[{"href":"https:\/\/www.abchukuk.com\/index.php\/wp-json\/wp\/v2\/types\/post"}],"author":[{"embeddable":true,"href":"https:\/\/www.abchukuk.com\/index.php\/wp-json\/wp\/v2\/users\/1"}],"replies":[{"embeddable":true,"href":"https:\/\/www.abchukuk.com\/index.php\/wp-json\/wp\/v2\/comments?post=27517"}],"version-history":[{"count":0,"href":"https:\/\/www.abchukuk.com\/index.php\/wp-json\/wp\/v2\/posts\/27517\/revisions"}],"wp:featuredmedia":[{"embeddable":true,"href":"https:\/\/www.abchukuk.com\/index.php\/wp-json\/wp\/v2\/media\/27518"}],"wp:attachment":[{"href":"https:\/\/www.abchukuk.com\/index.php\/wp-json\/wp\/v2\/media?parent=27517"}],"wp:term":[{"taxonomy":"category","embeddable":true,"href":"https:\/\/www.abchukuk.com\/index.php\/wp-json\/wp\/v2\/categories?post=27517"},{"taxonomy":"post_tag","embeddable":true,"href":"https:\/\/www.abchukuk.com\/index.php\/wp-json\/wp\/v2\/tags?post=27517"}],"curies":[{"name":"wp","href":"https:\/\/api.w.org\/{rel}","templated":true}]}}