{"id":27515,"date":"2026-04-27T08:27:01","date_gmt":"2026-04-27T08:27:01","guid":{"rendered":"https:\/\/www.abchukuk.com\/index.php\/2026\/04\/27\/adalet-komisyonu-baskani-turkerin-aci-gunu-bogazina-cilek-kacan-25-yasindaki-oglu-hayatini-kaybetti\/"},"modified":"2026-04-27T08:27:01","modified_gmt":"2026-04-27T08:27:01","slug":"adalet-komisyonu-baskani-turkerin-aci-gunu-bogazina-cilek-kacan-25-yasindaki-oglu-hayatini-kaybetti","status":"publish","type":"post","link":"https:\/\/www.abchukuk.com\/index.php\/2026\/04\/27\/adalet-komisyonu-baskani-turkerin-aci-gunu-bogazina-cilek-kacan-25-yasindaki-oglu-hayatini-kaybetti\/","title":{"rendered":"Adalet Komisyonu Ba\u015fkan\u0131 T\u00fcrker\u2019in Ac\u0131 G\u00fcn\u00fc: Bo\u011faz\u0131na \u00e7ilek ka\u00e7an 2,5 ya\u015f\u0131ndaki o\u011flu hayat\u0131n\u0131 kaybetti"},"content":{"rendered":"<p class=\"s3\">Ac\u0131 haberin ard\u0131ndan Adalet Bakan\u0131 Ak\u0131n G\u00fcrlek ba\u015fta olmak \u00fczere devlet protokol\u00fc ve yarg\u0131 camias\u0131 taziye mesajlar\u0131 yay\u0131mlayarak T\u00fcrker ailesinin ac\u0131s\u0131n\u0131 payla\u015ft\u0131.<\/p>\n<p><a href=\"https:\/\/www.son.tv\/wp-content\/uploads\/2026\/04\/782b22d6-864d-450f-816f-f668f8c905cd.jpeg\"><img fetchpriority=\"high\" decoding=\"async\" class=\"alignnone size-large wp-image-171433\" src=\"https:\/\/www.son.tv\/wp-content\/uploads\/2026\/04\/782b22d6-864d-450f-816f-f668f8c905cd-1024x642.jpeg\" alt=\"\" width=\"1024\" height=\"642\" \/><\/a><\/p>\n<p class=\"s3\"><span class=\"s2\"><span class=\"bumpedFont15\">BAKAN G\u00dcRLEK: \u201cEVLAT ACISI EN ZOR \u0130MT\u0130HANDIR\u201d<\/span><\/span><\/p>\n<p class=\"s3\"><span class=\"s2\"><span class=\"bumpedFont15\">\u200bAc\u0131 haberin ard\u0131ndan Adalet Bakan\u0131 Ak\u0131n G\u00fcrlek, yay\u0131mlad\u0131\u011f\u0131 mesajla meslekta\u015flar\u0131n\u0131n ac\u0131s\u0131n\u0131 y\u00fcrekten payla\u015ft\u0131\u011f\u0131n\u0131 belirtti. Bakan G\u00fcrlek mesaj\u0131<\/span><\/span><span class=\"s2\"><span class=\"bumpedFont15\">nda; \u201cEvlat ac\u0131s\u0131, tarifi en zor imtihanlardan biridir. Bu b\u00fcy\u00fck kayb\u0131n ac\u0131s\u0131n\u0131 y\u00fcrekten payla\u015f\u0131yor; merhum evlad\u0131m\u0131za Allah\u2019tan rahmet, k\u0131ymetli meslekta\u015flar\u0131m\u0131za sab\u0131r ve ba\u015fsa\u011fl\u0131\u011f\u0131 diliyorum. Mek\u00e2n\u0131 cennet olsun\u201d ifadelerini kulland\u0131.<\/span><\/span><\/p>\n<p><a href=\"https:\/\/www.son.tv\/wp-content\/uploads\/2026\/04\/4b49bbb9-7c09-4390-87e9-1b0a8ea08da1.jpeg\"><img decoding=\"async\" class=\"alignnone size-large wp-image-171434\" src=\"https:\/\/www.son.tv\/wp-content\/uploads\/2026\/04\/4b49bbb9-7c09-4390-87e9-1b0a8ea08da1-1024x656.jpeg\" alt=\"\" width=\"1024\" height=\"656\" \/><\/a><\/p>\n<p class=\"s3\"><span class=\"s2\"><span class=\"bumpedFont15\">\u200bDEVLET PROTOKOL\u00dc ACILI A\u0130LEY\u0130 YALNIZ BIRAKMADI<\/span><\/span><\/p>\n<p class=\"s3\"><span class=\"s2\"><span class=\"bumpedFont15\">Eski \u200bAdalet Bakan\u0131 Y\u0131lmaz Tun\u00e7 ve K\u0131r\u015fehir Valisi Murat Sefa Demiry\u00fcrek de taziye mesajlar\u0131yla aileye sab\u0131r diledi. Tun\u00e7, T\u00fcrker \u00e7iftine bu b\u00fcy\u00fck imtihan kar\u015f\u0131s\u0131nda sab\u0131r temenni ederken; Vali Demiry\u00fcrek, kederli aileye ve t\u00fcm yarg\u0131 camias\u0131na ba\u015fsa\u011fl\u0131\u011f\u0131 dileklerini iletti.<\/span><\/span><\/p>\n<p><a href=\"https:\/\/www.son.tv\/wp-content\/uploads\/2026\/04\/cc880482-8e0e-46e0-812d-a8191b7304f8.jpeg\"><img decoding=\"async\" class=\"alignnone size-large wp-image-171435\" src=\"https:\/\/www.son.tv\/wp-content\/uploads\/2026\/04\/cc880482-8e0e-46e0-812d-a8191b7304f8-1024x576.jpeg\" alt=\"\" width=\"1024\" height=\"576\" \/><\/a><\/p>\n<p class=\"s3\"><span class=\"s2\"><span class=\"bumpedFont15\">\u200bDUALARLA MERS\u0130N\u2019E U\u011eURLANDI<\/span><\/span><\/p>\n<p class=\"s3\"><span class=\"s2\"><span class=\"bumpedFont15\">Mustafa Kemal T\u00fcrker i\u00e7in K\u0131r\u015fehir Ahi Evran Camii\u2019nde cenaze t\u00f6reni d\u00fczenlendi. T\u00f6rene HSYK Ba\u015fkan Vekili Fuzuli Aydo\u011fdu, HSK 1. Daire Ba\u015fkan\u0131 Turan Kulo\u011flu, K\u0131r\u015fehir Valisi Murat Sefa Demiry\u00fcrek, Cumhuriyet Ba\u015fsavc\u0131s\u0131 O\u011fuz \u015e\u00fckr\u00fc Eren, \u0130l Emniyet M\u00fcd\u00fcr\u00fc Dr. Mesut G\u00f6r\u00fcc\u00fc, protokol \u00fcyeleri ve yarg\u0131 mensuplar\u0131 kat\u0131ld\u0131. T\u00f6renin ard\u0131ndan Mustafa Kemal\u2019in naa\u015f\u0131, dualar ve g\u00f6zya\u015flar\u0131 e\u015fli\u011finde defnedilmek \u00fczere memleketi Mersin\u2019e u\u011furland\u0131.<\/span><\/span><\/p>\n<p><a href=\"https:\/\/www.son.tv\/wp-content\/uploads\/2026\/04\/6bf3f7ff-16b8-475c-b41b-615f521bb309.jpeg\"><img loading=\"lazy\" decoding=\"async\" loading=\"lazy\" class=\"alignnone size-large wp-image-171436\" src=\"https:\/\/www.son.tv\/wp-content\/uploads\/2026\/04\/6bf3f7ff-16b8-475c-b41b-615f521bb309-1024x596.jpeg\" alt=\"\" width=\"1024\" height=\"596\" \/><\/a> <a href=\"https:\/\/www.son.tv\/wp-content\/uploads\/2026\/04\/e1c5bbf2-d756-41c2-ab30-74a277a97f9b.jpeg\"><img loading=\"lazy\" decoding=\"async\" loading=\"lazy\" class=\"alignnone size-large wp-image-171437\" src=\"https:\/\/www.son.tv\/wp-content\/uploads\/2026\/04\/e1c5bbf2-d756-41c2-ab30-74a277a97f9b-1024x682.jpeg\" alt=\"\" width=\"1024\" height=\"682\" \/><\/a> <a href=\"https:\/\/www.son.tv\/wp-content\/uploads\/2026\/04\/c189abf7-27e7-45f6-ad6d-68df2606db39-1.jpeg\"><img loading=\"lazy\" decoding=\"async\" loading=\"lazy\" class=\"alignnone size-large wp-image-171438\" src=\"https:\/\/www.son.tv\/wp-content\/uploads\/2026\/04\/c189abf7-27e7-45f6-ad6d-68df2606db39-1-1024x684.jpeg\" alt=\"\" width=\"1024\" height=\"684\" \/><\/a> <a href=\"https:\/\/www.son.tv\/wp-content\/uploads\/2026\/04\/523f032a-df13-4b7b-9269-634298459efb.jpeg\"><img loading=\"lazy\" decoding=\"async\" loading=\"lazy\" class=\"alignnone size-large wp-image-171439\" src=\"https:\/\/www.son.tv\/wp-content\/uploads\/2026\/04\/523f032a-df13-4b7b-9269-634298459efb-1024x576.jpeg\" alt=\"\" width=\"1024\" height=\"576\" \/><\/a> <a href=\"https:\/\/www.son.tv\/wp-content\/uploads\/2026\/04\/fd7a416c-bfb2-4f41-80ed-3f5ff1cf611a.jpeg\"><img loading=\"lazy\" decoding=\"async\" loading=\"lazy\" class=\"alignnone size-large wp-image-171440\" src=\"https:\/\/www.son.tv\/wp-content\/uploads\/2026\/04\/fd7a416c-bfb2-4f41-80ed-3f5ff1cf611a-1024x665.jpeg\" alt=\"\" width=\"1024\" height=\"665\" \/><\/a> <a href=\"https:\/\/www.son.tv\/wp-content\/uploads\/2026\/04\/96aa1be1-8b55-4aef-a4ac-795d7b858945.jpeg\"><img loading=\"lazy\" decoding=\"async\" loading=\"lazy\" class=\"alignnone size-large wp-image-171441\" src=\"https:\/\/www.son.tv\/wp-content\/uploads\/2026\/04\/96aa1be1-8b55-4aef-a4ac-795d7b858945-1024x576.jpeg\" alt=\"\" width=\"1024\" height=\"576\" \/><\/a> <a href=\"https:\/\/www.son.tv\/wp-content\/uploads\/2026\/04\/5c83c68b-3de1-4b7c-a8c7-79d94bc68ecd.jpeg\"><img loading=\"lazy\" decoding=\"async\" loading=\"lazy\" class=\"alignnone size-large wp-image-171442\" src=\"https:\/\/www.son.tv\/wp-content\/uploads\/2026\/04\/5c83c68b-3de1-4b7c-a8c7-79d94bc68ecd-1024x682.jpeg\" alt=\"\" width=\"1024\" height=\"682\" \/><\/a><\/p>\n<p>K\u0131r\u015fehir Adalet Komisyonu Ba\u015fkan\u0131 Hamza T\u00fcrker ve H\u00e2kim Berna Sa\u00e7an T\u00fcrker\u2019in 2,5 ya\u015f\u0131ndaki o\u011flu Mustafa Kemal, bo\u011faz\u0131na \u00e7ilek ka\u00e7mas\u0131 sonucu ya\u015fam\u0131n\u0131 yitirdi. Minik Mustafa Kemal i\u00e7in Ahi Evran K\u00fclliyesi\u2019nde cenaze namaz\u0131 k\u0131l\u0131nd\u0131. T\u00f6rende baba Hamza T\u00fcrker ve ailesinin ayakta durmakta g\u00fc\u00e7l\u00fck \u00e7ekti\u011fi g\u00f6r\u00fcld\u00fc.\u00a0<a href=\"https:\/\/www.son.tv\/adalet-komisyonu-baskani-turkerin-aci-gunu-bogazina-cilek-kacan-25-yasindaki-oglu-hayatini-kaybetti\/\" target=\"_blank\" class=\"feedzy-rss-link-icon\">Read More<\/a><\/p>","protected":false},"excerpt":{"rendered":"<p>Ac\u0131 haberin ard\u0131ndan Adalet Bakan\u0131 Ak\u0131n G\u00fcrlek ba\u015fta olmak \u00fczere devlet protokol\u00fc ve yarg\u0131 camias\u0131 taziye mesajlar\u0131 yay\u0131mlayarak T\u00fcrker ailesinin ac\u0131s\u0131n\u0131 payla\u015ft\u0131. BAKAN G\u00dcRLEK: \u201cEVLAT ACISI EN ZOR \u0130MT\u0130HANDIR\u201d \u200bAc\u0131 haberin ard\u0131ndan Adalet Bakan\u0131 Ak\u0131n G\u00fcrlek, yay\u0131mlad\u0131\u011f\u0131 mesajla meslekta\u015flar\u0131n\u0131n ac\u0131s\u0131n\u0131 y\u00fcrekten payla\u015ft\u0131\u011f\u0131n\u0131 belirtti. Bakan G\u00fcrlek mesaj\u0131nda; \u201cEvlat ac\u0131s\u0131, tarifi en zor imtihanlardan biridir. Bu b\u00fcy\u00fck [&hellip;]<\/p>\n","protected":false},"author":1,"featured_media":27516,"comment_status":"open","ping_status":"open","sticky":false,"template":"","format":"standard","meta":{"footnotes":"","_links_to":"","_links_to_target":""},"categories":[1],"tags":[],"class_list":["post-27515","post","type-post","status-publish","format-standard","has-post-thumbnail","hentry","category-haberler"],"_links":{"self":[{"href":"https:\/\/www.abchukuk.com\/index.php\/wp-json\/wp\/v2\/posts\/27515","targetHints":{"allow":["GET"]}}],"collection":[{"href":"https:\/\/www.abchukuk.com\/index.php\/wp-json\/wp\/v2\/posts"}],"about":[{"href":"https:\/\/www.abchukuk.com\/index.php\/wp-json\/wp\/v2\/types\/post"}],"author":[{"embeddable":true,"href":"https:\/\/www.abchukuk.com\/index.php\/wp-json\/wp\/v2\/users\/1"}],"replies":[{"embeddable":true,"href":"https:\/\/www.abchukuk.com\/index.php\/wp-json\/wp\/v2\/comments?post=27515"}],"version-history":[{"count":0,"href":"https:\/\/www.abchukuk.com\/index.php\/wp-json\/wp\/v2\/posts\/27515\/revisions"}],"wp:featuredmedia":[{"embeddable":true,"href":"https:\/\/www.abchukuk.com\/index.php\/wp-json\/wp\/v2\/media\/27516"}],"wp:attachment":[{"href":"https:\/\/www.abchukuk.com\/index.php\/wp-json\/wp\/v2\/media?parent=27515"}],"wp:term":[{"taxonomy":"category","embeddable":true,"href":"https:\/\/www.abchukuk.com\/index.php\/wp-json\/wp\/v2\/categories?post=27515"},{"taxonomy":"post_tag","embeddable":true,"href":"https:\/\/www.abchukuk.com\/index.php\/wp-json\/wp\/v2\/tags?post=27515"}],"curies":[{"name":"wp","href":"https:\/\/api.w.org\/{rel}","templated":true}]}}