{"id":27504,"date":"2026-04-27T05:33:05","date_gmt":"2026-04-27T05:33:05","guid":{"rendered":"https:\/\/www.abchukuk.com\/index.php\/2026\/04\/27\/6-yillik-sir-perdesi-aralaniyor-bassavci-ebru-cansu-gulistan-doku-sorusturmasinda-kritik-detayi-anlatti-ankaradan-gelen-sinyal-tum-sureci-degistirdi\/"},"modified":"2026-04-27T05:33:05","modified_gmt":"2026-04-27T05:33:05","slug":"6-yillik-sir-perdesi-aralaniyor-bassavci-ebru-cansu-gulistan-doku-sorusturmasinda-kritik-detayi-anlatti-ankaradan-gelen-sinyal-tum-sureci-degistirdi","status":"publish","type":"post","link":"https:\/\/www.abchukuk.com\/index.php\/2026\/04\/27\/6-yillik-sir-perdesi-aralaniyor-bassavci-ebru-cansu-gulistan-doku-sorusturmasinda-kritik-detayi-anlatti-ankaradan-gelen-sinyal-tum-sureci-degistirdi\/","title":{"rendered":"6 Y\u0131ll\u0131k S\u0131r Perdesi Aralan\u0131yor: Ba\u015fsavc\u0131 Ebru Cansu G\u00fclistan Doku Soru\u015fturmas\u0131nda Kritik Detay\u0131 Anlatt\u0131! Ankara\u2019dan Gelen Sinyal T\u00fcm S\u00fcreci De\u011fi\u015ftirdi"},"content":{"rendered":"<p><a href=\"https:\/\/www.gercekgundem.com\/guncel\/6-yillik-sir-perdesi-aralaniyor-bassavci-ebru-cansu-gulistan-doku-sorusturmasinda-kritik-detayi-anlatti-ankaradan-gelen-sinyal-tum-sureci-degistirdi-570423\"><br \/>\n                                                            <img decoding=\"async\" src=\"https:\/\/i.gercekgundem.com\/2\/150\/84\/storage\/files\/images\/2026\/04\/27\/6-yillik-sir-perdesi-aralaniyor-bassavci-ebru-cansu-gulistan-doku-sorusturmasinda-kritik-detayi-anlatti-ankaradan-gelen-sinyal-tum-sureci-degistirdi-xxw9.jpg\" width=\"150\" height=\"84\" border=\"0\" align=\"right\" \/><br \/>\n                                                    <\/a><\/p>\n<h4>Tunceli\u2019de 6 y\u0131l \u00f6nce kaybolan \u00fcniversite \u00f6\u011frencisi G\u00fclistan Doku\u2019ya ili\u015fkin soru\u015fturmada dikkat \u00e7eken yeni detaylar ortaya \u00e7\u0131kt\u0131. Tunceli Cumhuriyet Ba\u015fsavc\u0131s\u0131 Ebru Cansu, dosyan\u0131n seyrini de\u011fi\u015ftiren en \u00f6nemli geli\u015fmenin Ankara\u2019dan al\u0131nan bir sinyal oldu\u011funu a\u00e7\u0131klad\u0131.<\/h4>\n<p>Tunceli\u2019de 6 y\u0131l \u00f6nce kaybolan \u00fcniversite \u00f6\u011frencisi G\u00fclistan Doku\u2019ya ili\u015fkin soru\u015fturmada dikkat \u00e7eken yeni detaylar ortaya \u00e7\u0131kt\u0131. Tunceli Cumhuriyet Ba\u015fsavc\u0131s\u0131 Ebru Cansu, dosyan\u0131n seyrini de\u011fi\u015ftiren en \u00f6nemli geli\u015fmenin Ankara\u2019dan al\u0131nan bir sinyal oldu\u011funu a\u00e7\u0131klad\u0131.\u00a0<a href=\"https:\/\/www.gercekgundem.com\/guncel\/6-yillik-sir-perdesi-aralaniyor-bassavci-ebru-cansu-gulistan-doku-sorusturmasinda-kritik-detayi-anlatti-ankaradan-gelen-sinyal-tum-sureci-degistirdi-570423\" target=\"_blank\" class=\"feedzy-rss-link-icon\">Read More<\/a><\/p>","protected":false},"excerpt":{"rendered":"<p>Tunceli\u2019de 6 y\u0131l \u00f6nce kaybolan \u00fcniversite \u00f6\u011frencisi G\u00fclistan Doku\u2019ya ili\u015fkin soru\u015fturmada dikkat \u00e7eken yeni detaylar ortaya \u00e7\u0131kt\u0131. Tunceli Cumhuriyet Ba\u015fsavc\u0131s\u0131 Ebru Cansu, dosyan\u0131n seyrini de\u011fi\u015ftiren en \u00f6nemli geli\u015fmenin Ankara\u2019dan al\u0131nan bir sinyal oldu\u011funu a\u00e7\u0131klad\u0131. Tunceli\u2019de 6 y\u0131l \u00f6nce kaybolan \u00fcniversite \u00f6\u011frencisi G\u00fclistan Doku\u2019ya ili\u015fkin soru\u015fturmada dikkat \u00e7eken yeni detaylar ortaya \u00e7\u0131kt\u0131. Tunceli Cumhuriyet Ba\u015fsavc\u0131s\u0131 Ebru [&hellip;]<\/p>\n","protected":false},"author":1,"featured_media":27505,"comment_status":"open","ping_status":"open","sticky":false,"template":"","format":"standard","meta":{"footnotes":"","_links_to":"","_links_to_target":""},"categories":[1],"tags":[],"class_list":["post-27504","post","type-post","status-publish","format-standard","has-post-thumbnail","hentry","category-haberler"],"_links":{"self":[{"href":"https:\/\/www.abchukuk.com\/index.php\/wp-json\/wp\/v2\/posts\/27504","targetHints":{"allow":["GET"]}}],"collection":[{"href":"https:\/\/www.abchukuk.com\/index.php\/wp-json\/wp\/v2\/posts"}],"about":[{"href":"https:\/\/www.abchukuk.com\/index.php\/wp-json\/wp\/v2\/types\/post"}],"author":[{"embeddable":true,"href":"https:\/\/www.abchukuk.com\/index.php\/wp-json\/wp\/v2\/users\/1"}],"replies":[{"embeddable":true,"href":"https:\/\/www.abchukuk.com\/index.php\/wp-json\/wp\/v2\/comments?post=27504"}],"version-history":[{"count":0,"href":"https:\/\/www.abchukuk.com\/index.php\/wp-json\/wp\/v2\/posts\/27504\/revisions"}],"wp:featuredmedia":[{"embeddable":true,"href":"https:\/\/www.abchukuk.com\/index.php\/wp-json\/wp\/v2\/media\/27505"}],"wp:attachment":[{"href":"https:\/\/www.abchukuk.com\/index.php\/wp-json\/wp\/v2\/media?parent=27504"}],"wp:term":[{"taxonomy":"category","embeddable":true,"href":"https:\/\/www.abchukuk.com\/index.php\/wp-json\/wp\/v2\/categories?post=27504"},{"taxonomy":"post_tag","embeddable":true,"href":"https:\/\/www.abchukuk.com\/index.php\/wp-json\/wp\/v2\/tags?post=27504"}],"curies":[{"name":"wp","href":"https:\/\/api.w.org\/{rel}","templated":true}]}}