{"id":2750,"date":"2025-08-29T01:00:00","date_gmt":"2025-08-29T01:00:00","guid":{"rendered":"http:\/\/www.lopsssdoner.com\/index.php\/2025\/08\/29\/bir-garip-assan-vakasi-devletin-ust-duzey-isimleriyle-fotograf-verdiler-trt-belgeselini-yapti-simdi-kayyum-ve-gozalti\/"},"modified":"2025-08-29T01:00:00","modified_gmt":"2025-08-29T01:00:00","slug":"bir-garip-assan-vakasi-devletin-ust-duzey-isimleriyle-fotograf-verdiler-trt-belgeselini-yapti-simdi-kayyum-ve-gozalti","status":"publish","type":"post","link":"https:\/\/www.abchukuk.com\/index.php\/2025\/08\/29\/bir-garip-assan-vakasi-devletin-ust-duzey-isimleriyle-fotograf-verdiler-trt-belgeselini-yapti-simdi-kayyum-ve-gozalti\/","title":{"rendered":"Bir garip ASSAN vakas\u0131: Devletin \u00fcst d\u00fczey isimleriyle foto\u011fraf verdiler, TRT belgeselini yapt\u0131 \u015fimdi kayyum ve g\u00f6zalt\u0131"},"content":{"rendered":"<p>Savunma sanayisinin \u00f6nde gelen firmalar\u0131ndan ASSAN\u2019a kayyum atand\u0131. Sahibi Emin \u00d6ner ve genel m\u00fcd\u00fcr\u00fc G\u00fcrcan Okumu\u015f askeri casusluk ve FET\u00d6 \u00fcyeli\u011fi iddialar\u0131yla g\u00f6zalt\u0131na al\u0131nd\u0131.Savunma sanayisinin \u00f6nde gelen firmalar\u0131ndan ASSAN\u2019a kayyum atand\u0131. Sahibi Emin \u00d6ner ve genel m\u00fcd\u00fcr\u00fc G\u00fcrcan Okumu\u015f askeri casusluk ve FET\u00d6 \u00fcyeli\u011fi iddialar\u0131yla g\u00f6zalt\u0131na al\u0131nd\u0131.\u00a0<a href=\"https:\/\/www.cumhuriyet.com.tr\/turkiye\/bir-garip-assan-vakasi-devletin-ust-duzey-isimleriyle-fotograf-verdiler-trt-belgeselini-yapti-simdi-kayyum-ve-gozalti-2430304\" target=\"_blank\" class=\"feedzy-rss-link-icon\">Read More<\/a><\/p>","protected":false},"excerpt":{"rendered":"<p>Savunma sanayisinin \u00f6nde gelen firmalar\u0131ndan ASSAN\u2019a kayyum atand\u0131. Sahibi Emin \u00d6ner ve genel m\u00fcd\u00fcr\u00fc G\u00fcrcan Okumu\u015f askeri casusluk ve FET\u00d6 \u00fcyeli\u011fi iddialar\u0131yla g\u00f6zalt\u0131na al\u0131nd\u0131.Savunma sanayisinin \u00f6nde gelen firmalar\u0131ndan ASSAN\u2019a kayyum atand\u0131. Sahibi Emin \u00d6ner ve genel m\u00fcd\u00fcr\u00fc G\u00fcrcan Okumu\u015f askeri casusluk ve FET\u00d6 \u00fcyeli\u011fi iddialar\u0131yla g\u00f6zalt\u0131na al\u0131nd\u0131.\u00a0Read More<\/p>\n","protected":false},"author":1,"featured_media":2751,"comment_status":"open","ping_status":"open","sticky":false,"template":"","format":"standard","meta":{"footnotes":"","_links_to":"","_links_to_target":""},"categories":[1],"tags":[],"class_list":["post-2750","post","type-post","status-publish","format-standard","has-post-thumbnail","hentry","category-haberler"],"_links":{"self":[{"href":"https:\/\/www.abchukuk.com\/index.php\/wp-json\/wp\/v2\/posts\/2750","targetHints":{"allow":["GET"]}}],"collection":[{"href":"https:\/\/www.abchukuk.com\/index.php\/wp-json\/wp\/v2\/posts"}],"about":[{"href":"https:\/\/www.abchukuk.com\/index.php\/wp-json\/wp\/v2\/types\/post"}],"author":[{"embeddable":true,"href":"https:\/\/www.abchukuk.com\/index.php\/wp-json\/wp\/v2\/users\/1"}],"replies":[{"embeddable":true,"href":"https:\/\/www.abchukuk.com\/index.php\/wp-json\/wp\/v2\/comments?post=2750"}],"version-history":[{"count":0,"href":"https:\/\/www.abchukuk.com\/index.php\/wp-json\/wp\/v2\/posts\/2750\/revisions"}],"wp:featuredmedia":[{"embeddable":true,"href":"https:\/\/www.abchukuk.com\/index.php\/wp-json\/wp\/v2\/media\/2751"}],"wp:attachment":[{"href":"https:\/\/www.abchukuk.com\/index.php\/wp-json\/wp\/v2\/media?parent=2750"}],"wp:term":[{"taxonomy":"category","embeddable":true,"href":"https:\/\/www.abchukuk.com\/index.php\/wp-json\/wp\/v2\/categories?post=2750"},{"taxonomy":"post_tag","embeddable":true,"href":"https:\/\/www.abchukuk.com\/index.php\/wp-json\/wp\/v2\/tags?post=2750"}],"curies":[{"name":"wp","href":"https:\/\/api.w.org\/{rel}","templated":true}]}}