{"id":27498,"date":"2026-04-27T06:13:00","date_gmt":"2026-04-27T06:13:00","guid":{"rendered":"https:\/\/www.abchukuk.com\/index.php\/2026\/04\/27\/faili-mechul-dosyalarinin-acilmasi-9-yillik-cinayet-icin-umut-oldu-insallah-bizim-de-katiller-bulunur\/"},"modified":"2026-04-27T06:13:00","modified_gmt":"2026-04-27T06:13:00","slug":"faili-mechul-dosyalarinin-acilmasi-9-yillik-cinayet-icin-umut-oldu-insallah-bizim-de-katiller-bulunur","status":"publish","type":"post","link":"https:\/\/www.abchukuk.com\/index.php\/2026\/04\/27\/faili-mechul-dosyalarinin-acilmasi-9-yillik-cinayet-icin-umut-oldu-insallah-bizim-de-katiller-bulunur\/","title":{"rendered":"Faili me\u00e7hul dosyalar\u0131n\u0131n a\u00e7\u0131lmas\u0131, 9 y\u0131ll\u0131k cinayet i\u00e7in umut oldu: &#8216;\u0130n\u015fallah bizim de katiller bulunur&#8217;"},"content":{"rendered":"<p>Adana&#8217;da 2017 y\u0131l\u0131nda mezarl\u0131kta \u00f6ld\u00fcr\u00fclen 3 ki\u015finin failinin bir t\u00fcrl\u00fc bulunamamas\u0131na hayat\u0131n\u0131 kaybeden Eser Binen&#8217;in annesi tepki g\u00f6sterirken, Adalet Bakan\u0131 Ak\u0131n G\u00fcrlek&#8217;in faili me\u00e7hul dosyalar\u0131n \u00fczerine gitmesinin kendilerine umut verdi\u011fini s\u00f6yledi.Adana&#8217;da 2017 y\u0131l\u0131nda mezarl\u0131kta \u00f6ld\u00fcr\u00fclen 3 ki\u015finin failinin bir t\u00fcrl\u00fc bulunamamas\u0131na hayat\u0131n\u0131 kaybeden Eser Binen&#8217;in annesi tepki g\u00f6sterirken, Adalet Bakan\u0131 Ak\u0131n G\u00fcrlek&#8217;in faili me\u00e7hul dosyalar\u0131n \u00fczerine gitmesinin kendilerine umut verdi\u011fini s\u00f6yledi.\u00a0<a href=\"https:\/\/www.cumhuriyet.com.tr\/turkiye\/faili-mechul-dosyalarinin-acilmasi-9-yillik-cinayet-icin-umut-oldu-insallah-bizim-de-katiller-bulunur-2498750\" target=\"_blank\" class=\"feedzy-rss-link-icon\">Read More<\/a><\/p>","protected":false},"excerpt":{"rendered":"<p>Adana&#8217;da 2017 y\u0131l\u0131nda mezarl\u0131kta \u00f6ld\u00fcr\u00fclen 3 ki\u015finin failinin bir t\u00fcrl\u00fc bulunamamas\u0131na hayat\u0131n\u0131 kaybeden Eser Binen&#8217;in annesi tepki g\u00f6sterirken, Adalet Bakan\u0131 Ak\u0131n G\u00fcrlek&#8217;in faili me\u00e7hul dosyalar\u0131n \u00fczerine gitmesinin kendilerine umut verdi\u011fini s\u00f6yledi.Adana&#8217;da 2017 y\u0131l\u0131nda mezarl\u0131kta \u00f6ld\u00fcr\u00fclen 3 ki\u015finin failinin bir t\u00fcrl\u00fc bulunamamas\u0131na hayat\u0131n\u0131 kaybeden Eser Binen&#8217;in annesi tepki g\u00f6sterirken, Adalet Bakan\u0131 Ak\u0131n G\u00fcrlek&#8217;in faili me\u00e7hul dosyalar\u0131n [&hellip;]<\/p>\n","protected":false},"author":1,"featured_media":27499,"comment_status":"open","ping_status":"open","sticky":false,"template":"","format":"standard","meta":{"footnotes":"","_links_to":"","_links_to_target":""},"categories":[1],"tags":[],"class_list":["post-27498","post","type-post","status-publish","format-standard","has-post-thumbnail","hentry","category-haberler"],"_links":{"self":[{"href":"https:\/\/www.abchukuk.com\/index.php\/wp-json\/wp\/v2\/posts\/27498","targetHints":{"allow":["GET"]}}],"collection":[{"href":"https:\/\/www.abchukuk.com\/index.php\/wp-json\/wp\/v2\/posts"}],"about":[{"href":"https:\/\/www.abchukuk.com\/index.php\/wp-json\/wp\/v2\/types\/post"}],"author":[{"embeddable":true,"href":"https:\/\/www.abchukuk.com\/index.php\/wp-json\/wp\/v2\/users\/1"}],"replies":[{"embeddable":true,"href":"https:\/\/www.abchukuk.com\/index.php\/wp-json\/wp\/v2\/comments?post=27498"}],"version-history":[{"count":0,"href":"https:\/\/www.abchukuk.com\/index.php\/wp-json\/wp\/v2\/posts\/27498\/revisions"}],"wp:featuredmedia":[{"embeddable":true,"href":"https:\/\/www.abchukuk.com\/index.php\/wp-json\/wp\/v2\/media\/27499"}],"wp:attachment":[{"href":"https:\/\/www.abchukuk.com\/index.php\/wp-json\/wp\/v2\/media?parent=27498"}],"wp:term":[{"taxonomy":"category","embeddable":true,"href":"https:\/\/www.abchukuk.com\/index.php\/wp-json\/wp\/v2\/categories?post=27498"},{"taxonomy":"post_tag","embeddable":true,"href":"https:\/\/www.abchukuk.com\/index.php\/wp-json\/wp\/v2\/tags?post=27498"}],"curies":[{"name":"wp","href":"https:\/\/api.w.org\/{rel}","templated":true}]}}