{"id":27490,"date":"2026-04-27T04:56:40","date_gmt":"2026-04-27T04:56:40","guid":{"rendered":"https:\/\/www.abchukuk.com\/index.php\/2026\/04\/27\/bassavci-cansu-en-kritik-esik-gulistanin-kullandigi-telefon-hattinin-ankarada-bir-ilcede-sinyal-vermesiydi\/"},"modified":"2026-04-27T04:56:40","modified_gmt":"2026-04-27T04:56:40","slug":"bassavci-cansu-en-kritik-esik-gulistanin-kullandigi-telefon-hattinin-ankarada-bir-ilcede-sinyal-vermesiydi","status":"publish","type":"post","link":"https:\/\/www.abchukuk.com\/index.php\/2026\/04\/27\/bassavci-cansu-en-kritik-esik-gulistanin-kullandigi-telefon-hattinin-ankarada-bir-ilcede-sinyal-vermesiydi\/","title":{"rendered":"Ba\u015fsavc\u0131 Cansu: &#8216;En kritik e\u015fik G\u00fclistan&#8217;\u0131n kulland\u0131\u011f\u0131 telefon hatt\u0131n\u0131n Ankara&#8217;da bir il\u00e7ede sinyal vermesiydi&#8217;"},"content":{"rendered":"<p>G\u00fclistan Doku soru\u015fturmas\u0131n\u0131 y\u00fcr\u00fcten Tunceli Ba\u015fsavc\u0131s\u0131 Ebru Cansu, bas\u0131na konu\u015ftu. Ba\u015fsavc\u0131 Cansu &#8220;Benim i\u00e7in en kritik e\u015fik, G\u00fclistan&#8217;\u0131n kulland\u0131\u011f\u0131 telefon hatt\u0131n\u0131n Ankara&#8217;da bir il\u00e7ede sinyal verdi\u011finin tespit edilmesi oldu&#8221; ifadelerini kulland\u0131.G\u00fclistan Doku soru\u015fturmas\u0131n\u0131 y\u00fcr\u00fcten Tunceli Ba\u015fsavc\u0131s\u0131 Ebru Cansu, bas\u0131na konu\u015ftu. Ba\u015fsavc\u0131 Cansu &#8220;Benim i\u00e7in en kritik e\u015fik, G\u00fclistan&#8217;\u0131n kulland\u0131\u011f\u0131 telefon hatt\u0131n\u0131n Ankara&#8217;da bir il\u00e7ede sinyal verdi\u011finin tespit edilmesi oldu&#8221; ifadelerini kulland\u0131.\u00a0<a href=\"https:\/\/anlatilaninotesi.com.tr\/20260427\/bassavci-cansu-en-kritik-esik-gulistanin-kullandigi-telefon-hattinin-ankarada-bir-ilcede-sinyal-1105297126.html\" target=\"_blank\" class=\"feedzy-rss-link-icon\">Read More<\/a><\/p>","protected":false},"excerpt":{"rendered":"<p>G\u00fclistan Doku soru\u015fturmas\u0131n\u0131 y\u00fcr\u00fcten Tunceli Ba\u015fsavc\u0131s\u0131 Ebru Cansu, bas\u0131na konu\u015ftu. Ba\u015fsavc\u0131 Cansu &#8220;Benim i\u00e7in en kritik e\u015fik, G\u00fclistan&#8217;\u0131n kulland\u0131\u011f\u0131 telefon hatt\u0131n\u0131n Ankara&#8217;da bir il\u00e7ede sinyal verdi\u011finin tespit edilmesi oldu&#8221; ifadelerini kulland\u0131.G\u00fclistan Doku soru\u015fturmas\u0131n\u0131 y\u00fcr\u00fcten Tunceli Ba\u015fsavc\u0131s\u0131 Ebru Cansu, bas\u0131na konu\u015ftu. Ba\u015fsavc\u0131 Cansu &#8220;Benim i\u00e7in en kritik e\u015fik, G\u00fclistan&#8217;\u0131n kulland\u0131\u011f\u0131 telefon hatt\u0131n\u0131n Ankara&#8217;da bir il\u00e7ede sinyal [&hellip;]<\/p>\n","protected":false},"author":1,"featured_media":0,"comment_status":"open","ping_status":"open","sticky":false,"template":"","format":"standard","meta":{"footnotes":"","_links_to":"","_links_to_target":""},"categories":[1],"tags":[],"class_list":["post-27490","post","type-post","status-publish","format-standard","hentry","category-haberler"],"_links":{"self":[{"href":"https:\/\/www.abchukuk.com\/index.php\/wp-json\/wp\/v2\/posts\/27490","targetHints":{"allow":["GET"]}}],"collection":[{"href":"https:\/\/www.abchukuk.com\/index.php\/wp-json\/wp\/v2\/posts"}],"about":[{"href":"https:\/\/www.abchukuk.com\/index.php\/wp-json\/wp\/v2\/types\/post"}],"author":[{"embeddable":true,"href":"https:\/\/www.abchukuk.com\/index.php\/wp-json\/wp\/v2\/users\/1"}],"replies":[{"embeddable":true,"href":"https:\/\/www.abchukuk.com\/index.php\/wp-json\/wp\/v2\/comments?post=27490"}],"version-history":[{"count":0,"href":"https:\/\/www.abchukuk.com\/index.php\/wp-json\/wp\/v2\/posts\/27490\/revisions"}],"wp:attachment":[{"href":"https:\/\/www.abchukuk.com\/index.php\/wp-json\/wp\/v2\/media?parent=27490"}],"wp:term":[{"taxonomy":"category","embeddable":true,"href":"https:\/\/www.abchukuk.com\/index.php\/wp-json\/wp\/v2\/categories?post=27490"},{"taxonomy":"post_tag","embeddable":true,"href":"https:\/\/www.abchukuk.com\/index.php\/wp-json\/wp\/v2\/tags?post=27490"}],"curies":[{"name":"wp","href":"https:\/\/api.w.org\/{rel}","templated":true}]}}