{"id":2748,"date":"2025-08-28T21:44:00","date_gmt":"2025-08-28T21:44:00","guid":{"rendered":"http:\/\/www.lopsssdoner.com\/index.php\/2025\/08\/28\/israil-genelkurmay-baskani-zamirin-evinin-onunde-savas-karsiti-protesto-8-gozalti\/"},"modified":"2025-08-28T21:44:00","modified_gmt":"2025-08-28T21:44:00","slug":"israil-genelkurmay-baskani-zamirin-evinin-onunde-savas-karsiti-protesto-8-gozalti","status":"publish","type":"post","link":"https:\/\/www.abchukuk.com\/index.php\/2025\/08\/28\/israil-genelkurmay-baskani-zamirin-evinin-onunde-savas-karsiti-protesto-8-gozalti\/","title":{"rendered":"\u0130srail Genelkurmay Ba\u015fkan\u0131 Zamir\u2019in evinin \u00f6n\u00fcnde sava\u015f kar\u015f\u0131t\u0131 protesto: 8 g\u00f6zalt\u0131"},"content":{"rendered":"<p>\u0130srail\u2019de sava\u015f kar\u015f\u0131t\u0131 g\u00f6stericiler, \u0130srail Genelkurmay Ba\u015fkan\u0131 Eyal Zamir\u2019in \u00f6n\u00fcnde d\u00fczenledikleri protestoda, Zamir\u2019in evine k\u0131rm\u0131z\u0131 boya att\u0131. Polis, 8 g\u00f6stericiyi g\u00f6zalt\u0131na ald\u0131.\u0130srail\u2019de sava\u015f kar\u015f\u0131t\u0131 g\u00f6stericiler, \u0130srail Genelkurmay Ba\u015fkan\u0131 Eyal Zamir\u2019in \u00f6n\u00fcnde d\u00fczenledikleri protestoda, Zamir\u2019in evine k\u0131rm\u0131z\u0131 boya att\u0131. Polis, 8 g\u00f6stericiyi g\u00f6zalt\u0131na ald\u0131.\u00a0<a href=\"https:\/\/www.cumhuriyet.com.tr\/dunya\/israil-genelkurmay-baskani-zamir-in-evinin-onunde-savas-karsiti-protesto-8-gozalti-2430364\" target=\"_blank\" class=\"feedzy-rss-link-icon\">Read More<\/a><\/p>","protected":false},"excerpt":{"rendered":"<p>\u0130srail\u2019de sava\u015f kar\u015f\u0131t\u0131 g\u00f6stericiler, \u0130srail Genelkurmay Ba\u015fkan\u0131 Eyal Zamir\u2019in \u00f6n\u00fcnde d\u00fczenledikleri protestoda, Zamir\u2019in evine k\u0131rm\u0131z\u0131 boya att\u0131. Polis, 8 g\u00f6stericiyi g\u00f6zalt\u0131na ald\u0131.\u0130srail\u2019de sava\u015f kar\u015f\u0131t\u0131 g\u00f6stericiler, \u0130srail Genelkurmay Ba\u015fkan\u0131 Eyal Zamir\u2019in \u00f6n\u00fcnde d\u00fczenledikleri protestoda, Zamir\u2019in evine k\u0131rm\u0131z\u0131 boya att\u0131. Polis, 8 g\u00f6stericiyi g\u00f6zalt\u0131na ald\u0131.\u00a0Read More<\/p>\n","protected":false},"author":1,"featured_media":2749,"comment_status":"open","ping_status":"open","sticky":false,"template":"","format":"standard","meta":{"footnotes":"","_links_to":"","_links_to_target":""},"categories":[1],"tags":[],"class_list":["post-2748","post","type-post","status-publish","format-standard","has-post-thumbnail","hentry","category-haberler"],"_links":{"self":[{"href":"https:\/\/www.abchukuk.com\/index.php\/wp-json\/wp\/v2\/posts\/2748","targetHints":{"allow":["GET"]}}],"collection":[{"href":"https:\/\/www.abchukuk.com\/index.php\/wp-json\/wp\/v2\/posts"}],"about":[{"href":"https:\/\/www.abchukuk.com\/index.php\/wp-json\/wp\/v2\/types\/post"}],"author":[{"embeddable":true,"href":"https:\/\/www.abchukuk.com\/index.php\/wp-json\/wp\/v2\/users\/1"}],"replies":[{"embeddable":true,"href":"https:\/\/www.abchukuk.com\/index.php\/wp-json\/wp\/v2\/comments?post=2748"}],"version-history":[{"count":0,"href":"https:\/\/www.abchukuk.com\/index.php\/wp-json\/wp\/v2\/posts\/2748\/revisions"}],"wp:featuredmedia":[{"embeddable":true,"href":"https:\/\/www.abchukuk.com\/index.php\/wp-json\/wp\/v2\/media\/2749"}],"wp:attachment":[{"href":"https:\/\/www.abchukuk.com\/index.php\/wp-json\/wp\/v2\/media?parent=2748"}],"wp:term":[{"taxonomy":"category","embeddable":true,"href":"https:\/\/www.abchukuk.com\/index.php\/wp-json\/wp\/v2\/categories?post=2748"},{"taxonomy":"post_tag","embeddable":true,"href":"https:\/\/www.abchukuk.com\/index.php\/wp-json\/wp\/v2\/tags?post=2748"}],"curies":[{"name":"wp","href":"https:\/\/api.w.org\/{rel}","templated":true}]}}