{"id":27473,"date":"2026-04-26T17:32:41","date_gmt":"2026-04-26T17:32:41","guid":{"rendered":"https:\/\/www.abchukuk.com\/index.php\/2026\/04\/26\/yargi-dunyasi-yasta-adalet-bakani-gurlek-taziye-mesaji-yayimladi\/"},"modified":"2026-04-26T17:32:41","modified_gmt":"2026-04-26T17:32:41","slug":"yargi-dunyasi-yasta-adalet-bakani-gurlek-taziye-mesaji-yayimladi","status":"publish","type":"post","link":"https:\/\/www.abchukuk.com\/index.php\/2026\/04\/26\/yargi-dunyasi-yasta-adalet-bakani-gurlek-taziye-mesaji-yayimladi\/","title":{"rendered":"YARGI D\u00dcNYASI YASTA! ADALET BAKANI G\u00dcRLEK TAZ\u0130YE MESAJI YAYIMLADI! \u2028"},"content":{"rendered":"<p>\u00a0<\/p>\n<p>YARGI CAM\u0130ASI DER\u0130N \u00dcZ\u00dcNT\u00dcDE<\/p>\n<p>K\u0131r\u015fehir Adli Yarg\u0131 \u0130lk Derece Mahkemesi Adalet Komisyonu Ba\u015fkan\u0131 Hamza T\u00fcrker ile K\u0131r\u015fehir Hakimi Berna Sa\u00e7an T\u00fcrker\u2019in ya\u015fad\u0131\u011f\u0131 bu b\u00fcy\u00fck kay\u0131p, meslekta\u015flar\u0131 ve yarg\u0131 camias\u0131nda b\u00fcy\u00fck \u00fcz\u00fcnt\u00fc yaratt\u0131. Ba\u015fta Adalet Bakan\u0131 Ak\u0131n G\u00fcrlek olmak \u00fczere, \u00e7ok say\u0131da h\u00e2kim, savc\u0131 ve adliye personeli ba\u015fsa\u011fl\u0131\u011f\u0131 mesajlar\u0131 payla\u015ft\u0131.<\/p>\n<p>BAKAN G\u00dcRLEK\u2019TEN TAZ\u0130YE MESAJI<\/p>\n<p>Adalet Bakan\u0131 Ak\u0131n G\u00fcrlek,sosyal medya hesab\u0131 \u00fczerinden yay\u0131mlad\u0131\u011f\u0131 mesajda, ac\u0131 kayb\u0131 derin bir \u00fcz\u00fcnt\u00fcyle \u00f6\u011frendi\u011fini belirtti. Bakan, evlat ac\u0131s\u0131n\u0131n tarifi zor bir imtihan oldu\u011funu vurgulayarak, merhum Mustafa Kemal T\u00fcrker\u2019e Allah\u2019tan rahmet diledi.<\/p>\n<p><img fetchpriority=\"high\" decoding=\"async\" class=\"alignnone size-medium wp-image-171410\" src=\"https:\/\/www.son.tv\/wp-content\/uploads\/2026\/04\/IMG_9875-300x293.png\" alt=\"\" width=\"300\" height=\"293\" \/><\/p>\n<p>\u201cACINIZI Y\u00dcREKTEN PAYLA\u015eIYORUZ\u201d<\/p>\n<p>Yine evlatlar\u0131n\u0131 kaybeden T\u00fcrker Ailesi i\u00e7in yay\u0131mlanan di\u011fer taziye mesajlar\u0131nda,ailenin ya\u015fad\u0131\u011f\u0131 ac\u0131n\u0131n payla\u015f\u0131ld\u0131\u011f\u0131 ifade edilldi.Mesajlarda merhum Mustafa Kemal T\u00fcrker\u2019in vefat\u0131ndan duyulan derin \u00fcz\u00fcnt\u00fc payla\u015f\u0131l\u0131rken, hat\u0131ras\u0131n\u0131n daima ya\u015fat\u0131laca\u011f\u0131 belirtildi.<\/p>\n<p>ET\u0130KETLER:<\/p>\n<p>#K\u0131r\u015fehir\u2028#Yarg\u0131D\u00fcnyas\u0131\u2028#Ba\u015fsa\u011fl\u0131\u011f\u0131\u2028#Taziye\u2028#AdaletBakanl\u0131\u011f\u0131\u2028#MustafaKemalT\u00fcrker<\/p>\n<p>K\u0131r\u015fehir\u2019de g\u00f6rev yapan yarg\u0131 mensuplar\u0131 Hamza T\u00fcrker ve Berna Sa\u00e7an T\u00fcrker\u2019in evlatlar\u0131 Mustafa Kemal T\u00fcrker vefat etti.T\u00fcrker\u2019in vefat\u0131, yarg\u0131 camias\u0131nda derin \u00fcz\u00fcnt\u00fcye neden oldu. Adalet Bakan\u0131 Ak\u0131n G\u00fcrlek\u2019den ac\u0131l\u0131 aileye taziye mesaj\u0131 geldi.\u00a0<a href=\"https:\/\/www.son.tv\/yargi-dunyasi-yasta-bakan-gurlek-taziye-mesaji-yayimladi\/\" target=\"_blank\" class=\"feedzy-rss-link-icon\">Read More<\/a><\/p>","protected":false},"excerpt":{"rendered":"<p>\u00a0 YARGI CAM\u0130ASI DER\u0130N \u00dcZ\u00dcNT\u00dcDE K\u0131r\u015fehir Adli Yarg\u0131 \u0130lk Derece Mahkemesi Adalet Komisyonu Ba\u015fkan\u0131 Hamza T\u00fcrker ile K\u0131r\u015fehir Hakimi Berna Sa\u00e7an T\u00fcrker\u2019in ya\u015fad\u0131\u011f\u0131 bu b\u00fcy\u00fck kay\u0131p, meslekta\u015flar\u0131 ve yarg\u0131 camias\u0131nda b\u00fcy\u00fck \u00fcz\u00fcnt\u00fc yaratt\u0131. Ba\u015fta Adalet Bakan\u0131 Ak\u0131n G\u00fcrlek olmak \u00fczere, \u00e7ok say\u0131da h\u00e2kim, savc\u0131 ve adliye personeli ba\u015fsa\u011fl\u0131\u011f\u0131 mesajlar\u0131 payla\u015ft\u0131. BAKAN G\u00dcRLEK\u2019TEN TAZ\u0130YE MESAJI Adalet [&hellip;]<\/p>\n","protected":false},"author":1,"featured_media":27474,"comment_status":"open","ping_status":"open","sticky":false,"template":"","format":"standard","meta":{"footnotes":"","_links_to":"","_links_to_target":""},"categories":[1],"tags":[],"class_list":["post-27473","post","type-post","status-publish","format-standard","has-post-thumbnail","hentry","category-haberler"],"_links":{"self":[{"href":"https:\/\/www.abchukuk.com\/index.php\/wp-json\/wp\/v2\/posts\/27473","targetHints":{"allow":["GET"]}}],"collection":[{"href":"https:\/\/www.abchukuk.com\/index.php\/wp-json\/wp\/v2\/posts"}],"about":[{"href":"https:\/\/www.abchukuk.com\/index.php\/wp-json\/wp\/v2\/types\/post"}],"author":[{"embeddable":true,"href":"https:\/\/www.abchukuk.com\/index.php\/wp-json\/wp\/v2\/users\/1"}],"replies":[{"embeddable":true,"href":"https:\/\/www.abchukuk.com\/index.php\/wp-json\/wp\/v2\/comments?post=27473"}],"version-history":[{"count":0,"href":"https:\/\/www.abchukuk.com\/index.php\/wp-json\/wp\/v2\/posts\/27473\/revisions"}],"wp:featuredmedia":[{"embeddable":true,"href":"https:\/\/www.abchukuk.com\/index.php\/wp-json\/wp\/v2\/media\/27474"}],"wp:attachment":[{"href":"https:\/\/www.abchukuk.com\/index.php\/wp-json\/wp\/v2\/media?parent=27473"}],"wp:term":[{"taxonomy":"category","embeddable":true,"href":"https:\/\/www.abchukuk.com\/index.php\/wp-json\/wp\/v2\/categories?post=27473"},{"taxonomy":"post_tag","embeddable":true,"href":"https:\/\/www.abchukuk.com\/index.php\/wp-json\/wp\/v2\/tags?post=27473"}],"curies":[{"name":"wp","href":"https:\/\/api.w.org\/{rel}","templated":true}]}}