{"id":27469,"date":"2026-04-26T15:39:00","date_gmt":"2026-04-26T15:39:00","guid":{"rendered":"https:\/\/www.abchukuk.com\/index.php\/2026\/04\/26\/tutuklu-gazeteci-merdan-yanardagdan-mesaj-var-tele1i-once-susturmak-istediler-simdi-yok-pahasina-satisa-cikariyorlar\/"},"modified":"2026-04-26T15:39:00","modified_gmt":"2026-04-26T15:39:00","slug":"tutuklu-gazeteci-merdan-yanardagdan-mesaj-var-tele1i-once-susturmak-istediler-simdi-yok-pahasina-satisa-cikariyorlar","status":"publish","type":"post","link":"https:\/\/www.abchukuk.com\/index.php\/2026\/04\/26\/tutuklu-gazeteci-merdan-yanardagdan-mesaj-var-tele1i-once-susturmak-istediler-simdi-yok-pahasina-satisa-cikariyorlar\/","title":{"rendered":"Tutuklu gazeteci Merdan Yanarda\u011f&#8217;dan mesaj var: &#8216;Tele1&#8217;i \u00f6nce susturmak istediler, \u015fimdi yok pahas\u0131na sat\u0131\u015fa \u00e7\u0131kar\u0131yorlar&#8217;"},"content":{"rendered":"<p>Casusluk soru\u015fturmas\u0131 kapsam\u0131nda tutuklu bulunan Merdan Yanarda\u011f, cezaevinden g\u00f6nderdi\u011fi mektupta, &#8220;TELE1\u2019in 28 milyon lira bedelle sat\u0131\u015fa \u00e7\u0131kar\u0131lmas\u0131n\u0131n eme\u011fin ya\u011fmalanmas\u0131 oldu\u011funu&#8221; ifade ederek, &#8220;TELE1\u2019e el koyarak susturmak istediler, \u015fimdi yok pahas\u0131na sat\u0131\u015fa \u00e7\u0131kar\u0131yorlar&#8221; dedi.Casusluk soru\u015fturmas\u0131 kapsam\u0131nda tutuklu bulunan Merdan Yanarda\u011f, cezaevinden g\u00f6nderdi\u011fi mektupta, &#8220;TELE1\u2019in 28 milyon lira bedelle sat\u0131\u015fa \u00e7\u0131kar\u0131lmas\u0131n\u0131n eme\u011fin ya\u011fmalanmas\u0131 oldu\u011funu&#8221; ifade ederek, &#8220;TELE1\u2019e el koyarak susturmak istediler, \u015fimdi yok pahas\u0131na sat\u0131\u015fa \u00e7\u0131kar\u0131yorlar&#8221; dedi.\u00a0<a href=\"https:\/\/www.cumhuriyet.com.tr\/siyaset\/tutuklu-gazeteci-merdan-yanardag-dan-mesaj-var-tele1-i-once-susturmak-istediler-simdi-yok-pahasina-satisa-cikariyorlar-2498661\" target=\"_blank\" class=\"feedzy-rss-link-icon\">Read More<\/a><\/p>","protected":false},"excerpt":{"rendered":"<p>Casusluk soru\u015fturmas\u0131 kapsam\u0131nda tutuklu bulunan Merdan Yanarda\u011f, cezaevinden g\u00f6nderdi\u011fi mektupta, &#8220;TELE1\u2019in 28 milyon lira bedelle sat\u0131\u015fa \u00e7\u0131kar\u0131lmas\u0131n\u0131n eme\u011fin ya\u011fmalanmas\u0131 oldu\u011funu&#8221; ifade ederek, &#8220;TELE1\u2019e el koyarak susturmak istediler, \u015fimdi yok pahas\u0131na sat\u0131\u015fa \u00e7\u0131kar\u0131yorlar&#8221; dedi.Casusluk soru\u015fturmas\u0131 kapsam\u0131nda tutuklu bulunan Merdan Yanarda\u011f, cezaevinden g\u00f6nderdi\u011fi mektupta, &#8220;TELE1\u2019in 28 milyon lira bedelle sat\u0131\u015fa \u00e7\u0131kar\u0131lmas\u0131n\u0131n eme\u011fin ya\u011fmalanmas\u0131 oldu\u011funu&#8221; ifade ederek, &#8220;TELE1\u2019e [&hellip;]<\/p>\n","protected":false},"author":1,"featured_media":27470,"comment_status":"open","ping_status":"open","sticky":false,"template":"","format":"standard","meta":{"footnotes":"","_links_to":"","_links_to_target":""},"categories":[1],"tags":[],"class_list":["post-27469","post","type-post","status-publish","format-standard","has-post-thumbnail","hentry","category-haberler"],"_links":{"self":[{"href":"https:\/\/www.abchukuk.com\/index.php\/wp-json\/wp\/v2\/posts\/27469","targetHints":{"allow":["GET"]}}],"collection":[{"href":"https:\/\/www.abchukuk.com\/index.php\/wp-json\/wp\/v2\/posts"}],"about":[{"href":"https:\/\/www.abchukuk.com\/index.php\/wp-json\/wp\/v2\/types\/post"}],"author":[{"embeddable":true,"href":"https:\/\/www.abchukuk.com\/index.php\/wp-json\/wp\/v2\/users\/1"}],"replies":[{"embeddable":true,"href":"https:\/\/www.abchukuk.com\/index.php\/wp-json\/wp\/v2\/comments?post=27469"}],"version-history":[{"count":0,"href":"https:\/\/www.abchukuk.com\/index.php\/wp-json\/wp\/v2\/posts\/27469\/revisions"}],"wp:featuredmedia":[{"embeddable":true,"href":"https:\/\/www.abchukuk.com\/index.php\/wp-json\/wp\/v2\/media\/27470"}],"wp:attachment":[{"href":"https:\/\/www.abchukuk.com\/index.php\/wp-json\/wp\/v2\/media?parent=27469"}],"wp:term":[{"taxonomy":"category","embeddable":true,"href":"https:\/\/www.abchukuk.com\/index.php\/wp-json\/wp\/v2\/categories?post=27469"},{"taxonomy":"post_tag","embeddable":true,"href":"https:\/\/www.abchukuk.com\/index.php\/wp-json\/wp\/v2\/tags?post=27469"}],"curies":[{"name":"wp","href":"https:\/\/api.w.org\/{rel}","templated":true}]}}