{"id":27463,"date":"2026-04-26T12:23:16","date_gmt":"2026-04-26T12:23:16","guid":{"rendered":"https:\/\/www.abchukuk.com\/index.php\/2026\/04\/26\/anayasa-mahkemesi-64-yilini-etkinliklerle-kutluyor\/"},"modified":"2026-04-26T12:23:16","modified_gmt":"2026-04-26T12:23:16","slug":"anayasa-mahkemesi-64-yilini-etkinliklerle-kutluyor","status":"publish","type":"post","link":"https:\/\/www.abchukuk.com\/index.php\/2026\/04\/26\/anayasa-mahkemesi-64-yilini-etkinliklerle-kutluyor\/","title":{"rendered":"ANAYASA MAHKEMES\u0130 64. YILINI ETK\u0130NL\u0130KLERLE KUTLUYOR!"},"content":{"rendered":"<p data-start=\"57\" data-end=\"414\">\n<\/p><p data-start=\"57\" data-end=\"414\"><strong>SEMPOZYUM \u0130LE BA\u015eLIYOR<\/strong><\/p>\n<p data-start=\"448\" data-end=\"593\"><strong>25 Nisan 1962<\/strong>\u2019de kurulan <strong><span class=\"hover:entity-accent entity-underline inline cursor-pointer align-baseline\"><span class=\"whitespace-normal\">Anayasa Mahkemesi<\/span><\/span>,<\/strong> <strong>64. y\u0131l<\/strong> etkinliklerine <strong>27 Nisan 2026<\/strong>\u2019da d\u00fczenlenecek sempozyumla start verecek.<\/p>\n<p data-start=\"595\" data-end=\"776\"><strong>\u201cNe Bis in Idem \u0130lkesinin Farkl\u0131 Yarg\u0131 Alanlar\u0131ndaki Etkisi\u201d<\/strong> ba\u015fl\u0131kl\u0131 sempozyumda, ayn\u0131 fiilden dolay\u0131 iki kez yarg\u0131lanmama ve cezaland\u0131r\u0131lmama ilkesi \u00e7ok y\u00f6nl\u00fc olarak ele al\u0131nacak.<\/p>\n<p data-start=\"778\" data-end=\"1059\">A\u00e7\u0131l\u0131\u015f konu\u015fmalar\u0131n\u0131 <strong>AYM Ba\u015fkan\u0131 <span class=\"hover:entity-accent entity-underline inline cursor-pointer align-baseline\"><span class=\"whitespace-normal\">Kadir \u00d6zkaya<\/span><\/span><\/strong>, <strong><span class=\"hover:entity-accent entity-underline inline cursor-pointer align-baseline\"><span class=\"whitespace-normal\">Avrupa \u0130nsan Haklar\u0131 Mahkemesi<\/span><\/span> T\u00fcrkiye h\u00e2kimi <span class=\"hover:entity-accent entity-underline inline cursor-pointer align-baseline\"><span class=\"whitespace-normal\">Saadet Y\u00fcksel<\/span><\/span> <\/strong>ve <strong><span class=\"hover:entity-accent entity-underline inline cursor-pointer align-baseline\"><span class=\"whitespace-normal\">Avrupa Konseyi<\/span><\/span> Ankara Program Ofisi Ba\u015fkan\u0131 <span class=\"hover:entity-accent entity-underline inline cursor-pointer align-baseline\"><span class=\"whitespace-normal\">William Massolin<\/span><\/span> <\/strong>yapacak.<\/p>\n<p data-start=\"1061\" data-end=\"1172\">Akademik oturum ise <strong>AYM Ba\u015fkanvekili <span class=\"hover:entity-accent entity-underline inline cursor-pointer align-baseline\"><span class=\"whitespace-normal\">Basri Ba\u011fc\u0131<\/span><\/span><\/strong> moderat\u00f6rl\u00fc\u011f\u00fcnde ger\u00e7ekle\u015ftirilecek.<\/p>\n<h3 data-section-id=\"b9vwwd\" data-start=\"1179\" data-end=\"1222\">HUKUKUN TEMEL \u0130LKES\u0130 MASAYA YATIRILACAK<\/h3>\n<p data-start=\"1223\" data-end=\"1433\">Sempozyumda; <strong>\u201cne bis in idem\u201d<\/strong> ilkesi \u00e7er\u00e7evesinde, bir ki\u015finin ayn\u0131 fiilden dolay\u0131 birden fazla kez yarg\u0131lanmamas\u0131 ve cezaland\u0131r\u0131lmamas\u0131 prensibi anayasal ve uluslararas\u0131 hukuk boyutlar\u0131yla de\u011ferlendirilecek.<\/p>\n<p data-start=\"1435\" data-end=\"1515\"><strong>Yarg\u0131tay, Dan\u0131\u015ftay<\/strong> ve akademi d\u00fcnyas\u0131ndan isimler sunumlar\u0131yla katk\u0131 sa\u011flayacak.<\/p>\n<h3 data-section-id=\"1su4vbi\" data-start=\"1522\" data-end=\"1559\">ANITKAB\u0130R Z\u0130YARET\u0130 VE RESM\u0130 T\u00d6REN<\/h3>\n<p data-start=\"1560\" data-end=\"1729\">Etkinlikler kapsam\u0131nda 28 Nisan\u2019da <strong>AYM Ba\u015fkan\u0131 <span class=\"hover:entity-accent entity-underline inline cursor-pointer align-baseline\"><span class=\"whitespace-normal\">Kadir \u00d6zkaya<\/span><\/span><\/strong> ve beraberindeki heyet<strong> <span class=\"hover:entity-accent entity-underline inline cursor-pointer align-baseline\"><span class=\"whitespace-normal\">An\u0131tkabir<\/span><\/span><\/strong>\u2019i ziyaret edecek.<\/p>\n<p data-start=\"1731\" data-end=\"1836\">Ziyaretin ard\u0131ndan 64. y\u0131l d\u00f6n\u00fcm\u00fc dolay\u0131s\u0131yla d\u00fczenlenecek t\u00f6rende \u00f6nemli bir program ger\u00e7ekle\u015ftirilecek.<\/p>\n<h3 data-section-id=\"1xd4dhv\" data-start=\"1843\" data-end=\"1882\">ERDO\u011eAN\u2019IN KATILIMIYLA YEM\u0130N T\u00d6REN\u0130<\/h3>\n<p data-start=\"1883\" data-end=\"2046\"><strong>Cumhurba\u015fkan\u0131 <span class=\"hover:entity-accent entity-underline inline cursor-pointer align-baseline\"><span class=\"whitespace-normal\">Recep Tayyip Erdo\u011fan<\/span><\/span><\/strong>\u2019\u0131n te\u015frifleriyle yap\u0131lacak t\u00f6rende <strong>AYM Ba\u015fkan\u0131 <span class=\"hover:entity-accent entity-underline inline cursor-pointer align-baseline\"><span class=\"whitespace-normal\">Kadir \u00d6zkaya<\/span><\/span><\/strong> bir konu\u015fma yapacak.<\/p>\n<p data-start=\"2048\" data-end=\"2177\">Konu\u015fman\u0131n ard\u0131ndan <strong>Anayasa Mahkemesi<\/strong> \u00fcyeli\u011fine se\u00e7ilen<strong> <span class=\"hover:entity-accent entity-underline inline cursor-pointer align-baseline\"><span class=\"whitespace-normal\">\u015eaban Kazdal<\/span><\/span> <\/strong>yemin ederek g\u00f6revine ba\u015flayacak.<\/p>\n<p data-start=\"2048\" data-end=\"2177\"><strong>CANLI YAYINLANACAK<\/strong><\/p>\n<p data-start=\"2207\" data-end=\"2338\">T\u00fcm etkinlikler,<strong> Anayasa Mahkemesi<\/strong>\u2019nin resm\u00ee <strong>YouTube kanal\u0131<\/strong>,<strong> X hesab\u0131<\/strong> ve <strong>anayasa.gov.tr<\/strong> adresi \u00fczerinden canl\u0131 olarak yay\u0131mlanacak.<\/p>\n<p><img fetchpriority=\"high\" decoding=\"async\" class=\"alignnone  wp-image-171405\" src=\"https:\/\/www.son.tv\/wp-content\/uploads\/2026\/04\/slider-kopya-300x144.jpg\" alt=\"\" width=\"539\" height=\"259\" \/><\/p>\n<p data-start=\"2345\" data-end=\"2478\" data-is-last-node=\"\" data-is-only-node=\"\">\n<\/p><p data-start=\"2345\" data-end=\"2478\" data-is-last-node=\"\" data-is-only-node=\"\"><strong>ET\u0130KETLER:<\/strong><\/p>\n<p data-start=\"2345\" data-end=\"2478\" data-is-last-node=\"\" data-is-only-node=\"\"><strong>#AnayasaMahkemesi<\/strong><br data-start=\"2362\" data-end=\"2365\" \/><strong>#AYM<\/strong><br data-start=\"2369\" data-end=\"2372\" \/><strong>#RecepTayyipErdo\u011fan<\/strong><br data-start=\"2391\" data-end=\"2394\" \/><strong>#Kadir\u00d6zkaya<\/strong><br data-start=\"2406\" data-end=\"2409\" \/><strong>#\u015eabanKazdal<\/strong><br data-start=\"2421\" data-end=\"2424\" \/><strong>#NeBisInIdem<\/strong><br data-start=\"2436\" data-end=\"2439\" \/><strong>#Hukuk<\/strong><br data-start=\"2445\" data-end=\"2448\" \/><strong>#Yarg\u0131<\/strong><br data-start=\"2454\" data-end=\"2457\" \/><strong>#An\u0131tkabir<\/strong><br data-start=\"2467\" data-end=\"2470\" \/><strong>#T\u00fcrkiye<\/strong><\/p>\n<p>T\u00fcrkiye\u2019de anayasal d\u00fczenin g\u00fcvencesi olan Anayasa Mahkemesi, 64. kurulu\u015f y\u0131l\u0131n\u0131 kapsaml\u0131 etkinliklerle kutluyor. Programda \u201cne bis in idem\u201d ilkesi masaya yat\u0131r\u0131l\u0131rken, Cumhurba\u015fkan\u0131 Recep Tayyip Erdo\u011fan\u2019\u0131n kat\u0131l\u0131m\u0131yla ger\u00e7ekle\u015ftirilecek t\u00f6rende yeni \u00fcye \u015eaban Kazdal yemin edecek.\u00a0<a href=\"https:\/\/www.son.tv\/anayasa-mahkemesi-64-yilini-etkinliklerle-kutluyor\/\" target=\"_blank\" class=\"feedzy-rss-link-icon\">Read More<\/a><\/p>","protected":false},"excerpt":{"rendered":"<p>SEMPOZYUM \u0130LE BA\u015eLIYOR 25 Nisan 1962\u2019de kurulan Anayasa Mahkemesi, 64. y\u0131l etkinliklerine 27 Nisan 2026\u2019da d\u00fczenlenecek sempozyumla start verecek. \u201cNe Bis in Idem \u0130lkesinin Farkl\u0131 Yarg\u0131 Alanlar\u0131ndaki Etkisi\u201d ba\u015fl\u0131kl\u0131 sempozyumda, ayn\u0131 fiilden dolay\u0131 iki kez yarg\u0131lanmama ve cezaland\u0131r\u0131lmama ilkesi \u00e7ok y\u00f6nl\u00fc olarak ele al\u0131nacak. A\u00e7\u0131l\u0131\u015f konu\u015fmalar\u0131n\u0131 AYM Ba\u015fkan\u0131 Kadir \u00d6zkaya, Avrupa \u0130nsan Haklar\u0131 Mahkemesi T\u00fcrkiye [&hellip;]<\/p>\n","protected":false},"author":1,"featured_media":27464,"comment_status":"open","ping_status":"open","sticky":false,"template":"","format":"standard","meta":{"footnotes":"","_links_to":"","_links_to_target":""},"categories":[1],"tags":[],"class_list":["post-27463","post","type-post","status-publish","format-standard","has-post-thumbnail","hentry","category-haberler"],"_links":{"self":[{"href":"https:\/\/www.abchukuk.com\/index.php\/wp-json\/wp\/v2\/posts\/27463","targetHints":{"allow":["GET"]}}],"collection":[{"href":"https:\/\/www.abchukuk.com\/index.php\/wp-json\/wp\/v2\/posts"}],"about":[{"href":"https:\/\/www.abchukuk.com\/index.php\/wp-json\/wp\/v2\/types\/post"}],"author":[{"embeddable":true,"href":"https:\/\/www.abchukuk.com\/index.php\/wp-json\/wp\/v2\/users\/1"}],"replies":[{"embeddable":true,"href":"https:\/\/www.abchukuk.com\/index.php\/wp-json\/wp\/v2\/comments?post=27463"}],"version-history":[{"count":0,"href":"https:\/\/www.abchukuk.com\/index.php\/wp-json\/wp\/v2\/posts\/27463\/revisions"}],"wp:featuredmedia":[{"embeddable":true,"href":"https:\/\/www.abchukuk.com\/index.php\/wp-json\/wp\/v2\/media\/27464"}],"wp:attachment":[{"href":"https:\/\/www.abchukuk.com\/index.php\/wp-json\/wp\/v2\/media?parent=27463"}],"wp:term":[{"taxonomy":"category","embeddable":true,"href":"https:\/\/www.abchukuk.com\/index.php\/wp-json\/wp\/v2\/categories?post=27463"},{"taxonomy":"post_tag","embeddable":true,"href":"https:\/\/www.abchukuk.com\/index.php\/wp-json\/wp\/v2\/tags?post=27463"}],"curies":[{"name":"wp","href":"https:\/\/api.w.org\/{rel}","templated":true}]}}