{"id":27461,"date":"2026-04-26T12:40:00","date_gmt":"2026-04-26T12:40:00","guid":{"rendered":"https:\/\/www.abchukuk.com\/index.php\/2026\/04\/26\/birtek-sen-genel-baskani-turkmen-cezaevinden-yazdi-bu-duzen-sursun-diye-tutukluyum\/"},"modified":"2026-04-26T12:40:00","modified_gmt":"2026-04-26T12:40:00","slug":"birtek-sen-genel-baskani-turkmen-cezaevinden-yazdi-bu-duzen-sursun-diye-tutukluyum","status":"publish","type":"post","link":"https:\/\/www.abchukuk.com\/index.php\/2026\/04\/26\/birtek-sen-genel-baskani-turkmen-cezaevinden-yazdi-bu-duzen-sursun-diye-tutukluyum\/","title":{"rendered":"B\u0130RTEK-SEN Genel Ba\u015fkan\u0131 T\u00fcrkmen cezaevinden yazd\u0131: &#8216;Bu d\u00fczen s\u00fcrs\u00fcn diye tutukluyum&#8217;"},"content":{"rendered":"<p>B\u0130RTEK-SEN Genel Ba\u015fkan\u0131 Mehmet T\u00fcrkmen, Gaziantep E Tipi Cezaevi\u2019nden g\u00f6nderdi\u011fi a\u00e7\u0131k mektupta 41 g\u00fcnd\u00fcr tutuklu oldu\u011funu an\u0131msatarak, \u201cPatronlar\u0131n, i\u015f\u00e7ilerin haklar\u0131na ve hayat\u0131na \u00e7\u00f6kt\u00fc\u011f\u00fc bu d\u00fczen s\u00fcrs\u00fcn diye tutukluyum\u201d dedi.B\u0130RTEK-SEN Genel Ba\u015fkan\u0131 Mehmet T\u00fcrkmen, Gaziantep E Tipi Cezaevi\u2019nden g\u00f6nderdi\u011fi a\u00e7\u0131k mektupta 41 g\u00fcnd\u00fcr tutuklu oldu\u011funu an\u0131msatarak, \u201cPatronlar\u0131n, i\u015f\u00e7ilerin haklar\u0131na ve hayat\u0131na \u00e7\u00f6kt\u00fc\u011f\u00fc bu d\u00fczen s\u00fcrs\u00fcn diye tutukluyum\u201d dedi.\u00a0<a href=\"https:\/\/www.cumhuriyet.com.tr\/turkiye\/birtek-sen-genel-baskani-turkmen-cezaevinden-yazdi-bu-duzen-sursun-diye-tutukluyum-2498604\" target=\"_blank\" class=\"feedzy-rss-link-icon\">Read More<\/a><\/p>","protected":false},"excerpt":{"rendered":"<p>B\u0130RTEK-SEN Genel Ba\u015fkan\u0131 Mehmet T\u00fcrkmen, Gaziantep E Tipi Cezaevi\u2019nden g\u00f6nderdi\u011fi a\u00e7\u0131k mektupta 41 g\u00fcnd\u00fcr tutuklu oldu\u011funu an\u0131msatarak, \u201cPatronlar\u0131n, i\u015f\u00e7ilerin haklar\u0131na ve hayat\u0131na \u00e7\u00f6kt\u00fc\u011f\u00fc bu d\u00fczen s\u00fcrs\u00fcn diye tutukluyum\u201d dedi.B\u0130RTEK-SEN Genel Ba\u015fkan\u0131 Mehmet T\u00fcrkmen, Gaziantep E Tipi Cezaevi\u2019nden g\u00f6nderdi\u011fi a\u00e7\u0131k mektupta 41 g\u00fcnd\u00fcr tutuklu oldu\u011funu an\u0131msatarak, \u201cPatronlar\u0131n, i\u015f\u00e7ilerin haklar\u0131na ve hayat\u0131na \u00e7\u00f6kt\u00fc\u011f\u00fc bu d\u00fczen s\u00fcrs\u00fcn diye [&hellip;]<\/p>\n","protected":false},"author":1,"featured_media":27462,"comment_status":"open","ping_status":"open","sticky":false,"template":"","format":"standard","meta":{"footnotes":"","_links_to":"","_links_to_target":""},"categories":[1],"tags":[],"class_list":["post-27461","post","type-post","status-publish","format-standard","has-post-thumbnail","hentry","category-haberler"],"_links":{"self":[{"href":"https:\/\/www.abchukuk.com\/index.php\/wp-json\/wp\/v2\/posts\/27461","targetHints":{"allow":["GET"]}}],"collection":[{"href":"https:\/\/www.abchukuk.com\/index.php\/wp-json\/wp\/v2\/posts"}],"about":[{"href":"https:\/\/www.abchukuk.com\/index.php\/wp-json\/wp\/v2\/types\/post"}],"author":[{"embeddable":true,"href":"https:\/\/www.abchukuk.com\/index.php\/wp-json\/wp\/v2\/users\/1"}],"replies":[{"embeddable":true,"href":"https:\/\/www.abchukuk.com\/index.php\/wp-json\/wp\/v2\/comments?post=27461"}],"version-history":[{"count":0,"href":"https:\/\/www.abchukuk.com\/index.php\/wp-json\/wp\/v2\/posts\/27461\/revisions"}],"wp:featuredmedia":[{"embeddable":true,"href":"https:\/\/www.abchukuk.com\/index.php\/wp-json\/wp\/v2\/media\/27462"}],"wp:attachment":[{"href":"https:\/\/www.abchukuk.com\/index.php\/wp-json\/wp\/v2\/media?parent=27461"}],"wp:term":[{"taxonomy":"category","embeddable":true,"href":"https:\/\/www.abchukuk.com\/index.php\/wp-json\/wp\/v2\/categories?post=27461"},{"taxonomy":"post_tag","embeddable":true,"href":"https:\/\/www.abchukuk.com\/index.php\/wp-json\/wp\/v2\/tags?post=27461"}],"curies":[{"name":"wp","href":"https:\/\/api.w.org\/{rel}","templated":true}]}}