{"id":27458,"date":"2026-04-26T10:37:00","date_gmt":"2026-04-26T10:37:00","guid":{"rendered":"https:\/\/www.abchukuk.com\/index.php\/2026\/04\/26\/erdogan-da-katilacak-anayasa-mahkemesinin-64uncu-kurulus-yildonumu-kutlanacak\/"},"modified":"2026-04-26T10:37:00","modified_gmt":"2026-04-26T10:37:00","slug":"erdogan-da-katilacak-anayasa-mahkemesinin-64uncu-kurulus-yildonumu-kutlanacak","status":"publish","type":"post","link":"https:\/\/www.abchukuk.com\/index.php\/2026\/04\/26\/erdogan-da-katilacak-anayasa-mahkemesinin-64uncu-kurulus-yildonumu-kutlanacak\/","title":{"rendered":"Erdo\u011fan da kat\u0131lacak: Anayasa Mahkemesi&#8217;nin 64&#8217;\u00fcnc\u00fc kurulu\u015f y\u0131ld\u00f6n\u00fcm\u00fc kutlanacak"},"content":{"rendered":"<p>25 Nisan 1962 tarihinde kurulan Anayasa Mahkemesi&#8217;nin (AYM) 64. kurulu\u015f y\u0131ld\u00f6n\u00fcm\u00fc \u00e7e\u015fitli etkinliklerle kutlanacak. 64. kurulu\u015f y\u0131ld\u00f6n\u00fcm\u00fc dolay\u0131s\u0131yla d\u00fczenlenecek etkinlik ile Anayasa Mahkemesi \u00fcyeli\u011fine se\u00e7ilen \u015eaban Kazdal\u2019\u0131n andi\u00e7me t\u00f6reni ger\u00e7ekle\u015ftirilecek. T\u00f6rene AKP&#8217;li Cumhurba\u015fkan\u0131 Erdo\u011fan da kat\u0131lacak.25 Nisan 1962 tarihinde kurulan Anayasa Mahkemesi&#8217;nin (AYM) 64. kurulu\u015f y\u0131ld\u00f6n\u00fcm\u00fc \u00e7e\u015fitli etkinliklerle kutlanacak. 64. kurulu\u015f y\u0131ld\u00f6n\u00fcm\u00fc dolay\u0131s\u0131yla d\u00fczenlenecek etkinlik ile Anayasa Mahkemesi \u00fcyeli\u011fine se\u00e7ilen \u015eaban Kazdal\u2019\u0131n andi\u00e7me t\u00f6reni ger\u00e7ekle\u015ftirilecek. T\u00f6rene AKP&#8217;li Cumhurba\u015fkan\u0131 Erdo\u011fan da kat\u0131lacak.\u00a0<a href=\"https:\/\/www.cumhuriyet.com.tr\/turkiye\/erdogan-da-katilacak-anayasa-mahkemesi-nin-64-uncu-kurulus-yildonumu-kutlanacak-2498577\" target=\"_blank\" class=\"feedzy-rss-link-icon\">Read More<\/a><\/p>","protected":false},"excerpt":{"rendered":"<p>25 Nisan 1962 tarihinde kurulan Anayasa Mahkemesi&#8217;nin (AYM) 64. kurulu\u015f y\u0131ld\u00f6n\u00fcm\u00fc \u00e7e\u015fitli etkinliklerle kutlanacak. 64. kurulu\u015f y\u0131ld\u00f6n\u00fcm\u00fc dolay\u0131s\u0131yla d\u00fczenlenecek etkinlik ile Anayasa Mahkemesi \u00fcyeli\u011fine se\u00e7ilen \u015eaban Kazdal\u2019\u0131n andi\u00e7me t\u00f6reni ger\u00e7ekle\u015ftirilecek. T\u00f6rene AKP&#8217;li Cumhurba\u015fkan\u0131 Erdo\u011fan da kat\u0131lacak.25 Nisan 1962 tarihinde kurulan Anayasa Mahkemesi&#8217;nin (AYM) 64. kurulu\u015f y\u0131ld\u00f6n\u00fcm\u00fc \u00e7e\u015fitli etkinliklerle kutlanacak. 64. kurulu\u015f y\u0131ld\u00f6n\u00fcm\u00fc dolay\u0131s\u0131yla d\u00fczenlenecek etkinlik [&hellip;]<\/p>\n","protected":false},"author":1,"featured_media":27459,"comment_status":"open","ping_status":"open","sticky":false,"template":"","format":"standard","meta":{"footnotes":"","_links_to":"","_links_to_target":""},"categories":[1],"tags":[],"class_list":["post-27458","post","type-post","status-publish","format-standard","has-post-thumbnail","hentry","category-haberler"],"_links":{"self":[{"href":"https:\/\/www.abchukuk.com\/index.php\/wp-json\/wp\/v2\/posts\/27458","targetHints":{"allow":["GET"]}}],"collection":[{"href":"https:\/\/www.abchukuk.com\/index.php\/wp-json\/wp\/v2\/posts"}],"about":[{"href":"https:\/\/www.abchukuk.com\/index.php\/wp-json\/wp\/v2\/types\/post"}],"author":[{"embeddable":true,"href":"https:\/\/www.abchukuk.com\/index.php\/wp-json\/wp\/v2\/users\/1"}],"replies":[{"embeddable":true,"href":"https:\/\/www.abchukuk.com\/index.php\/wp-json\/wp\/v2\/comments?post=27458"}],"version-history":[{"count":0,"href":"https:\/\/www.abchukuk.com\/index.php\/wp-json\/wp\/v2\/posts\/27458\/revisions"}],"wp:featuredmedia":[{"embeddable":true,"href":"https:\/\/www.abchukuk.com\/index.php\/wp-json\/wp\/v2\/media\/27459"}],"wp:attachment":[{"href":"https:\/\/www.abchukuk.com\/index.php\/wp-json\/wp\/v2\/media?parent=27458"}],"wp:term":[{"taxonomy":"category","embeddable":true,"href":"https:\/\/www.abchukuk.com\/index.php\/wp-json\/wp\/v2\/categories?post=27458"},{"taxonomy":"post_tag","embeddable":true,"href":"https:\/\/www.abchukuk.com\/index.php\/wp-json\/wp\/v2\/tags?post=27458"}],"curies":[{"name":"wp","href":"https:\/\/api.w.org\/{rel}","templated":true}]}}