{"id":27456,"date":"2026-04-26T10:38:00","date_gmt":"2026-04-26T10:38:00","guid":{"rendered":"https:\/\/www.abchukuk.com\/index.php\/2026\/04\/26\/iktidarda-kimsenin-sahiplenmedigi-bakan-akpli-samil-tayyarin-bu-sozleri-mehmet-simseke-mi-hic-olmazsa-denetimde-adaleti-saglayin\/"},"modified":"2026-04-26T10:38:00","modified_gmt":"2026-04-26T10:38:00","slug":"iktidarda-kimsenin-sahiplenmedigi-bakan-akpli-samil-tayyarin-bu-sozleri-mehmet-simseke-mi-hic-olmazsa-denetimde-adaleti-saglayin","status":"publish","type":"post","link":"https:\/\/www.abchukuk.com\/index.php\/2026\/04\/26\/iktidarda-kimsenin-sahiplenmedigi-bakan-akpli-samil-tayyarin-bu-sozleri-mehmet-simseke-mi-hic-olmazsa-denetimde-adaleti-saglayin\/","title":{"rendered":"\u0130ktidarda kimsenin sahiplenmedi\u011fi bakan&#8230; AKP&#8217;li \u015eamil Tayyar&#8217;\u0131n bu s\u00f6zleri Mehmet \u015eim\u015fek&#8217;e mi? &#8216;Hi\u00e7 olmazsa denetimde adaleti sa\u011flay\u0131n&#8230;&#8217;"},"content":{"rendered":"<p>Bakanl\u0131k koltu\u011funa oturmas\u0131n\u0131n ard\u0131ndan iktidar kanad\u0131 taraf\u0131ndan da s\u0131k s\u0131k ele\u015ftirilen Mehmet \u015eim\u015fek&#8217;i, bu defa \u015eamil Tayyar da &#8220;isim vermeyerek&#8221; hedef ald\u0131. Tayyar, &#8220;Unutmayal\u0131m, en sahici denetimi sand\u0131kta vatanda\u015f yapar&#8221; dedi.Bakanl\u0131k koltu\u011funa oturmas\u0131n\u0131n ard\u0131ndan iktidar kanad\u0131 taraf\u0131ndan da s\u0131k s\u0131k ele\u015ftirilen Mehmet \u015eim\u015fek&#8217;i, bu defa \u015eamil Tayyar da &#8220;isim vermeyerek&#8221; hedef ald\u0131. Tayyar, &#8220;Unutmayal\u0131m, en sahici denetimi sand\u0131kta vatanda\u015f yapar&#8221; dedi.\u00a0<a href=\"https:\/\/www.cumhuriyet.com.tr\/siyaset\/iktidarda-kimsenin-sahiplenmedigi-bakan-akp-li-samil-tayyar-in-bu-sozleri-mehmet-simsek-e-mi-hic-olmazsa-denetimde-adaleti-saglayin-2498578\" target=\"_blank\" class=\"feedzy-rss-link-icon\">Read More<\/a><\/p>","protected":false},"excerpt":{"rendered":"<p>Bakanl\u0131k koltu\u011funa oturmas\u0131n\u0131n ard\u0131ndan iktidar kanad\u0131 taraf\u0131ndan da s\u0131k s\u0131k ele\u015ftirilen Mehmet \u015eim\u015fek&#8217;i, bu defa \u015eamil Tayyar da &#8220;isim vermeyerek&#8221; hedef ald\u0131. Tayyar, &#8220;Unutmayal\u0131m, en sahici denetimi sand\u0131kta vatanda\u015f yapar&#8221; dedi.Bakanl\u0131k koltu\u011funa oturmas\u0131n\u0131n ard\u0131ndan iktidar kanad\u0131 taraf\u0131ndan da s\u0131k s\u0131k ele\u015ftirilen Mehmet \u015eim\u015fek&#8217;i, bu defa \u015eamil Tayyar da &#8220;isim vermeyerek&#8221; hedef ald\u0131. Tayyar, &#8220;Unutmayal\u0131m, en [&hellip;]<\/p>\n","protected":false},"author":1,"featured_media":27457,"comment_status":"open","ping_status":"open","sticky":false,"template":"","format":"standard","meta":{"footnotes":"","_links_to":"","_links_to_target":""},"categories":[1],"tags":[],"class_list":["post-27456","post","type-post","status-publish","format-standard","has-post-thumbnail","hentry","category-haberler"],"_links":{"self":[{"href":"https:\/\/www.abchukuk.com\/index.php\/wp-json\/wp\/v2\/posts\/27456","targetHints":{"allow":["GET"]}}],"collection":[{"href":"https:\/\/www.abchukuk.com\/index.php\/wp-json\/wp\/v2\/posts"}],"about":[{"href":"https:\/\/www.abchukuk.com\/index.php\/wp-json\/wp\/v2\/types\/post"}],"author":[{"embeddable":true,"href":"https:\/\/www.abchukuk.com\/index.php\/wp-json\/wp\/v2\/users\/1"}],"replies":[{"embeddable":true,"href":"https:\/\/www.abchukuk.com\/index.php\/wp-json\/wp\/v2\/comments?post=27456"}],"version-history":[{"count":0,"href":"https:\/\/www.abchukuk.com\/index.php\/wp-json\/wp\/v2\/posts\/27456\/revisions"}],"wp:featuredmedia":[{"embeddable":true,"href":"https:\/\/www.abchukuk.com\/index.php\/wp-json\/wp\/v2\/media\/27457"}],"wp:attachment":[{"href":"https:\/\/www.abchukuk.com\/index.php\/wp-json\/wp\/v2\/media?parent=27456"}],"wp:term":[{"taxonomy":"category","embeddable":true,"href":"https:\/\/www.abchukuk.com\/index.php\/wp-json\/wp\/v2\/categories?post=27456"},{"taxonomy":"post_tag","embeddable":true,"href":"https:\/\/www.abchukuk.com\/index.php\/wp-json\/wp\/v2\/tags?post=27456"}],"curies":[{"name":"wp","href":"https:\/\/api.w.org\/{rel}","templated":true}]}}