{"id":27453,"date":"2026-04-26T11:29:00","date_gmt":"2026-04-26T11:29:00","guid":{"rendered":"https:\/\/www.abchukuk.com\/index.php\/2026\/04\/26\/netanyahunun-yolsuzluk-davasinda-yeni-perde-af-yerine-nasil-bir-uzlasma-planlaniyor\/"},"modified":"2026-04-26T11:29:00","modified_gmt":"2026-04-26T11:29:00","slug":"netanyahunun-yolsuzluk-davasinda-yeni-perde-af-yerine-nasil-bir-uzlasma-planlaniyor","status":"publish","type":"post","link":"https:\/\/www.abchukuk.com\/index.php\/2026\/04\/26\/netanyahunun-yolsuzluk-davasinda-yeni-perde-af-yerine-nasil-bir-uzlasma-planlaniyor\/","title":{"rendered":"Netanyahu\u2019nun yolsuzluk davas\u0131nda yeni perde: Af yerine nas\u0131l bir uzla\u015fma planlan\u0131yor?"},"content":{"rendered":"<p>\u0130srail Cumhurba\u015fkan\u0131 Isaac Herzog\u2019un ofisi, Cumhurba\u015fkan\u0131\u2019n\u0131n Ba\u015fbakan Netanyahu ile savc\u0131l\u0131k aras\u0131nda, yedinci y\u0131l\u0131na giren yolsuzluk davas\u0131nda uzla\u015fma sa\u011flanmas\u0131 i\u00e7in giri\u015fimde bulundu\u011funu a\u00e7\u0131klad\u0131. Herzog\u2019un yak\u0131n vadede af karar\u0131 vermeyi planlamad\u0131\u011f\u0131 da belirtildi.\u0130srail Cumhurba\u015fkan\u0131 Isaac Herzog\u2019un ofisi, Cumhurba\u015fkan\u0131\u2019n\u0131n Ba\u015fbakan Netanyahu ile savc\u0131l\u0131k aras\u0131nda, yedinci y\u0131l\u0131na giren yolsuzluk davas\u0131nda uzla\u015fma sa\u011flanmas\u0131 i\u00e7in giri\u015fimde bulundu\u011funu a\u00e7\u0131klad\u0131. Herzog\u2019un yak\u0131n vadede af karar\u0131 vermeyi planlamad\u0131\u011f\u0131 da belirtildi.\u00a0<a href=\"https:\/\/www.cumhuriyet.com.tr\/dunya\/netanyahu-nun-yolsuzluk-davasinda-yeni-perde-af-yerine-nasil-bir-uzlasma-planlaniyor-2498589\" target=\"_blank\" class=\"feedzy-rss-link-icon\">Read More<\/a><\/p>","protected":false},"excerpt":{"rendered":"<p>\u0130srail Cumhurba\u015fkan\u0131 Isaac Herzog\u2019un ofisi, Cumhurba\u015fkan\u0131\u2019n\u0131n Ba\u015fbakan Netanyahu ile savc\u0131l\u0131k aras\u0131nda, yedinci y\u0131l\u0131na giren yolsuzluk davas\u0131nda uzla\u015fma sa\u011flanmas\u0131 i\u00e7in giri\u015fimde bulundu\u011funu a\u00e7\u0131klad\u0131. Herzog\u2019un yak\u0131n vadede af karar\u0131 vermeyi planlamad\u0131\u011f\u0131 da belirtildi.\u0130srail Cumhurba\u015fkan\u0131 Isaac Herzog\u2019un ofisi, Cumhurba\u015fkan\u0131\u2019n\u0131n Ba\u015fbakan Netanyahu ile savc\u0131l\u0131k aras\u0131nda, yedinci y\u0131l\u0131na giren yolsuzluk davas\u0131nda uzla\u015fma sa\u011flanmas\u0131 i\u00e7in giri\u015fimde bulundu\u011funu a\u00e7\u0131klad\u0131. Herzog\u2019un yak\u0131n vadede [&hellip;]<\/p>\n","protected":false},"author":1,"featured_media":27454,"comment_status":"open","ping_status":"open","sticky":false,"template":"","format":"standard","meta":{"footnotes":"","_links_to":"","_links_to_target":""},"categories":[1],"tags":[],"class_list":["post-27453","post","type-post","status-publish","format-standard","has-post-thumbnail","hentry","category-haberler"],"_links":{"self":[{"href":"https:\/\/www.abchukuk.com\/index.php\/wp-json\/wp\/v2\/posts\/27453","targetHints":{"allow":["GET"]}}],"collection":[{"href":"https:\/\/www.abchukuk.com\/index.php\/wp-json\/wp\/v2\/posts"}],"about":[{"href":"https:\/\/www.abchukuk.com\/index.php\/wp-json\/wp\/v2\/types\/post"}],"author":[{"embeddable":true,"href":"https:\/\/www.abchukuk.com\/index.php\/wp-json\/wp\/v2\/users\/1"}],"replies":[{"embeddable":true,"href":"https:\/\/www.abchukuk.com\/index.php\/wp-json\/wp\/v2\/comments?post=27453"}],"version-history":[{"count":0,"href":"https:\/\/www.abchukuk.com\/index.php\/wp-json\/wp\/v2\/posts\/27453\/revisions"}],"wp:featuredmedia":[{"embeddable":true,"href":"https:\/\/www.abchukuk.com\/index.php\/wp-json\/wp\/v2\/media\/27454"}],"wp:attachment":[{"href":"https:\/\/www.abchukuk.com\/index.php\/wp-json\/wp\/v2\/media?parent=27453"}],"wp:term":[{"taxonomy":"category","embeddable":true,"href":"https:\/\/www.abchukuk.com\/index.php\/wp-json\/wp\/v2\/categories?post=27453"},{"taxonomy":"post_tag","embeddable":true,"href":"https:\/\/www.abchukuk.com\/index.php\/wp-json\/wp\/v2\/tags?post=27453"}],"curies":[{"name":"wp","href":"https:\/\/api.w.org\/{rel}","templated":true}]}}