{"id":27447,"date":"2026-04-26T09:36:00","date_gmt":"2026-04-26T09:36:00","guid":{"rendered":"https:\/\/www.abchukuk.com\/index.php\/2026\/04\/26\/tunc-soyer-300-gundur-cezaevinde-o-vicdanli-hakim-ve-savcilari-bekliyorum\/"},"modified":"2026-04-26T09:36:00","modified_gmt":"2026-04-26T09:36:00","slug":"tunc-soyer-300-gundur-cezaevinde-o-vicdanli-hakim-ve-savcilari-bekliyorum","status":"publish","type":"post","link":"https:\/\/www.abchukuk.com\/index.php\/2026\/04\/26\/tunc-soyer-300-gundur-cezaevinde-o-vicdanli-hakim-ve-savcilari-bekliyorum\/","title":{"rendered":"Tun\u00e7 Soyer 300 g\u00fcnd\u00fcr cezaevinde: &#8216;O vicdanl\u0131 hakim ve savc\u0131lar\u0131 bekliyorum&#8217;"},"content":{"rendered":"<p>Kooperatif davas\u0131ndan tutuklu yarg\u0131lanan \u0130zmir B\u00fcy\u00fck\u015fehir Belediyesi&#8217;nin \u00f6nceki ba\u015fkan\u0131 Tun\u00e7 Soyer, &#8220;Masum insanlar i\u00e7in hayat\u0131 karart\u0131p cehenneme \u00e7evirenler cennete giremez ama vicdan\u0131 ayd\u0131nl\u0131k ve temiz olanlar yery\u00fcz\u00fcn\u00fc de cennete \u00e7evirirler. Hem kendileri hem de su\u00e7suz insanlar i\u00e7in..! O vicdanl\u0131 hakim ve savc\u0131lar\u0131 bekliyorum, 300 g\u00fcnd\u00fcr&#8221; dedi.Kooperatif davas\u0131ndan tutuklu yarg\u0131lanan \u0130zmir B\u00fcy\u00fck\u015fehir Belediyesi&#8217;nin \u00f6nceki ba\u015fkan\u0131 Tun\u00e7 Soyer, &#8220;Masum insanlar i\u00e7in hayat\u0131 karart\u0131p cehenneme \u00e7evirenler cennete giremez ama vicdan\u0131 ayd\u0131nl\u0131k ve temiz olanlar yery\u00fcz\u00fcn\u00fc de cennete \u00e7evirirler. Hem kendileri hem de su\u00e7suz insanlar i\u00e7in..! O vicdanl\u0131 hakim ve savc\u0131lar\u0131 bekliyorum, 300 g\u00fcnd\u00fcr&#8221; dedi.\u00a0<a href=\"https:\/\/www.cumhuriyet.com.tr\/turkiye\/tunc-soyer-300-gundur-cezaevinde-o-vicdanli-hakim-ve-savcilari-bekliyorum-2498563\" target=\"_blank\" class=\"feedzy-rss-link-icon\">Read More<\/a><\/p>","protected":false},"excerpt":{"rendered":"<p>Kooperatif davas\u0131ndan tutuklu yarg\u0131lanan \u0130zmir B\u00fcy\u00fck\u015fehir Belediyesi&#8217;nin \u00f6nceki ba\u015fkan\u0131 Tun\u00e7 Soyer, &#8220;Masum insanlar i\u00e7in hayat\u0131 karart\u0131p cehenneme \u00e7evirenler cennete giremez ama vicdan\u0131 ayd\u0131nl\u0131k ve temiz olanlar yery\u00fcz\u00fcn\u00fc de cennete \u00e7evirirler. Hem kendileri hem de su\u00e7suz insanlar i\u00e7in..! O vicdanl\u0131 hakim ve savc\u0131lar\u0131 bekliyorum, 300 g\u00fcnd\u00fcr&#8221; dedi.Kooperatif davas\u0131ndan tutuklu yarg\u0131lanan \u0130zmir B\u00fcy\u00fck\u015fehir Belediyesi&#8217;nin \u00f6nceki ba\u015fkan\u0131 Tun\u00e7 [&hellip;]<\/p>\n","protected":false},"author":1,"featured_media":27448,"comment_status":"open","ping_status":"open","sticky":false,"template":"","format":"standard","meta":{"footnotes":"","_links_to":"","_links_to_target":""},"categories":[1],"tags":[],"class_list":["post-27447","post","type-post","status-publish","format-standard","has-post-thumbnail","hentry","category-haberler"],"_links":{"self":[{"href":"https:\/\/www.abchukuk.com\/index.php\/wp-json\/wp\/v2\/posts\/27447","targetHints":{"allow":["GET"]}}],"collection":[{"href":"https:\/\/www.abchukuk.com\/index.php\/wp-json\/wp\/v2\/posts"}],"about":[{"href":"https:\/\/www.abchukuk.com\/index.php\/wp-json\/wp\/v2\/types\/post"}],"author":[{"embeddable":true,"href":"https:\/\/www.abchukuk.com\/index.php\/wp-json\/wp\/v2\/users\/1"}],"replies":[{"embeddable":true,"href":"https:\/\/www.abchukuk.com\/index.php\/wp-json\/wp\/v2\/comments?post=27447"}],"version-history":[{"count":0,"href":"https:\/\/www.abchukuk.com\/index.php\/wp-json\/wp\/v2\/posts\/27447\/revisions"}],"wp:featuredmedia":[{"embeddable":true,"href":"https:\/\/www.abchukuk.com\/index.php\/wp-json\/wp\/v2\/media\/27448"}],"wp:attachment":[{"href":"https:\/\/www.abchukuk.com\/index.php\/wp-json\/wp\/v2\/media?parent=27447"}],"wp:term":[{"taxonomy":"category","embeddable":true,"href":"https:\/\/www.abchukuk.com\/index.php\/wp-json\/wp\/v2\/categories?post=27447"},{"taxonomy":"post_tag","embeddable":true,"href":"https:\/\/www.abchukuk.com\/index.php\/wp-json\/wp\/v2\/tags?post=27447"}],"curies":[{"name":"wp","href":"https:\/\/api.w.org\/{rel}","templated":true}]}}