{"id":27435,"date":"2026-04-26T08:19:00","date_gmt":"2026-04-26T08:19:00","guid":{"rendered":"https:\/\/www.abchukuk.com\/index.php\/2026\/04\/26\/tutuklu-sisli-belediye-baskani-resul-emrah-sahandan-aclik-grevindeki-madencilere-destek-mesaji\/"},"modified":"2026-04-26T08:19:00","modified_gmt":"2026-04-26T08:19:00","slug":"tutuklu-sisli-belediye-baskani-resul-emrah-sahandan-aclik-grevindeki-madencilere-destek-mesaji","status":"publish","type":"post","link":"https:\/\/www.abchukuk.com\/index.php\/2026\/04\/26\/tutuklu-sisli-belediye-baskani-resul-emrah-sahandan-aclik-grevindeki-madencilere-destek-mesaji\/","title":{"rendered":"Tutuklu \u015ei\u015fli Belediye Ba\u015fkan\u0131 Resul Emrah \u015eahan\u2019dan a\u00e7l\u0131k grevindeki madencilere destek mesaj\u0131"},"content":{"rendered":"<p>Ankara&#8217;da \u00f6denmeyen \u00fccret ve tazminatlar\u0131n\u0131 alabilmek i\u00e7in a\u00e7l\u0131k grevine ba\u015flayan i\u015f\u00e7ilere destek mesaj\u0131 payla\u015fan \u015ei\u015fli Belediye Ba\u015fkan\u0131 Resul Emrah \u015eahan &#8220;Bu \u00fclke, yurtta\u015f\u0131n\u0131 ve eme\u011fini g\u00fc\u00e7lendirdi\u011fi \u00f6l\u00e7\u00fcde g\u00fc\u00e7lenecek. D\u00f6rt duvar aras\u0131nda, demir kap\u0131lar ard\u0131nda olsam da; sonuna dek maden i\u015f\u00e7ilerimizin ve ailelerinin yan\u0131nday\u0131m&#8221; dedi.Ankara&#8217;da \u00f6denmeyen \u00fccret ve tazminatlar\u0131n\u0131 alabilmek i\u00e7in a\u00e7l\u0131k grevine ba\u015flayan i\u015f\u00e7ilere destek mesaj\u0131 payla\u015fan \u015ei\u015fli Belediye Ba\u015fkan\u0131 Resul Emrah \u015eahan &#8220;Bu \u00fclke, yurtta\u015f\u0131n\u0131 ve eme\u011fini g\u00fc\u00e7lendirdi\u011fi \u00f6l\u00e7\u00fcde g\u00fc\u00e7lenecek. D\u00f6rt duvar aras\u0131nda, demir kap\u0131lar ard\u0131nda olsam da; sonuna dek maden i\u015f\u00e7ilerimizin ve ailelerinin yan\u0131nday\u0131m&#8221; dedi.\u00a0<a href=\"https:\/\/www.cumhuriyet.com.tr\/turkiye\/tutuklu-sisli-belediye-baskani-resul-emrah-sahan-dan-aclik-grevindeki-madencilere-destek-mesaji-2498537\" target=\"_blank\" class=\"feedzy-rss-link-icon\">Read More<\/a><\/p>","protected":false},"excerpt":{"rendered":"<p>Ankara&#8217;da \u00f6denmeyen \u00fccret ve tazminatlar\u0131n\u0131 alabilmek i\u00e7in a\u00e7l\u0131k grevine ba\u015flayan i\u015f\u00e7ilere destek mesaj\u0131 payla\u015fan \u015ei\u015fli Belediye Ba\u015fkan\u0131 Resul Emrah \u015eahan &#8220;Bu \u00fclke, yurtta\u015f\u0131n\u0131 ve eme\u011fini g\u00fc\u00e7lendirdi\u011fi \u00f6l\u00e7\u00fcde g\u00fc\u00e7lenecek. D\u00f6rt duvar aras\u0131nda, demir kap\u0131lar ard\u0131nda olsam da; sonuna dek maden i\u015f\u00e7ilerimizin ve ailelerinin yan\u0131nday\u0131m&#8221; dedi.Ankara&#8217;da \u00f6denmeyen \u00fccret ve tazminatlar\u0131n\u0131 alabilmek i\u00e7in a\u00e7l\u0131k grevine ba\u015flayan i\u015f\u00e7ilere destek [&hellip;]<\/p>\n","protected":false},"author":1,"featured_media":27436,"comment_status":"open","ping_status":"open","sticky":false,"template":"","format":"standard","meta":{"footnotes":"","_links_to":"","_links_to_target":""},"categories":[1],"tags":[],"class_list":["post-27435","post","type-post","status-publish","format-standard","has-post-thumbnail","hentry","category-haberler"],"_links":{"self":[{"href":"https:\/\/www.abchukuk.com\/index.php\/wp-json\/wp\/v2\/posts\/27435","targetHints":{"allow":["GET"]}}],"collection":[{"href":"https:\/\/www.abchukuk.com\/index.php\/wp-json\/wp\/v2\/posts"}],"about":[{"href":"https:\/\/www.abchukuk.com\/index.php\/wp-json\/wp\/v2\/types\/post"}],"author":[{"embeddable":true,"href":"https:\/\/www.abchukuk.com\/index.php\/wp-json\/wp\/v2\/users\/1"}],"replies":[{"embeddable":true,"href":"https:\/\/www.abchukuk.com\/index.php\/wp-json\/wp\/v2\/comments?post=27435"}],"version-history":[{"count":0,"href":"https:\/\/www.abchukuk.com\/index.php\/wp-json\/wp\/v2\/posts\/27435\/revisions"}],"wp:featuredmedia":[{"embeddable":true,"href":"https:\/\/www.abchukuk.com\/index.php\/wp-json\/wp\/v2\/media\/27436"}],"wp:attachment":[{"href":"https:\/\/www.abchukuk.com\/index.php\/wp-json\/wp\/v2\/media?parent=27435"}],"wp:term":[{"taxonomy":"category","embeddable":true,"href":"https:\/\/www.abchukuk.com\/index.php\/wp-json\/wp\/v2\/categories?post=27435"},{"taxonomy":"post_tag","embeddable":true,"href":"https:\/\/www.abchukuk.com\/index.php\/wp-json\/wp\/v2\/tags?post=27435"}],"curies":[{"name":"wp","href":"https:\/\/api.w.org\/{rel}","templated":true}]}}