{"id":27433,"date":"2026-04-26T08:49:00","date_gmt":"2026-04-26T08:49:00","guid":{"rendered":"https:\/\/www.abchukuk.com\/index.php\/2026\/04\/26\/3-kisinin-oldugu-uludagdaki-otel-yangininda-avukattan-skandal-iddia-itfaiye-aracinda-su-yoktu\/"},"modified":"2026-04-26T08:49:00","modified_gmt":"2026-04-26T08:49:00","slug":"3-kisinin-oldugu-uludagdaki-otel-yangininda-avukattan-skandal-iddia-itfaiye-aracinda-su-yoktu","status":"publish","type":"post","link":"https:\/\/www.abchukuk.com\/index.php\/2026\/04\/26\/3-kisinin-oldugu-uludagdaki-otel-yangininda-avukattan-skandal-iddia-itfaiye-aracinda-su-yoktu\/","title":{"rendered":"3 ki\u015finin \u00f6ld\u00fc\u011f\u00fc Uluda\u011f&#8217;daki otel yang\u0131n\u0131nda avukattan skandal iddia: &#8216;\u0130tfaiye arac\u0131nda su yoktu&#8217;"},"content":{"rendered":"<p>Bursa Uluda\u011f&#8217;da denetimlerinde eksiklik tespit edildi\u011fi i\u00e7in kapat\u0131lan otelde \u00e7\u0131kan ve 3 ki\u015finin ya\u015fam\u0131n\u0131 yitirdi\u011fi yang\u0131nla ilgili yarg\u0131lama s\u00fcr\u00fcyor. Avukat \u0130smail Eray \u00c7okal, yang\u0131na m\u00fcdahale i\u00e7in gelen itfaiye arac\u0131nda su bulunmad\u0131\u011f\u0131n\u0131 \u00f6ne s\u00fcrd\u00fc.Bursa Uluda\u011f&#8217;da denetimlerinde eksiklik tespit edildi\u011fi i\u00e7in kapat\u0131lan otelde \u00e7\u0131kan ve 3 ki\u015finin ya\u015fam\u0131n\u0131 yitirdi\u011fi yang\u0131nla ilgili yarg\u0131lama s\u00fcr\u00fcyor. Avukat \u0130smail Eray \u00c7okal, yang\u0131na m\u00fcdahale i\u00e7in gelen itfaiye arac\u0131nda su bulunmad\u0131\u011f\u0131n\u0131 \u00f6ne s\u00fcrd\u00fc.\u00a0<a href=\"https:\/\/www.cumhuriyet.com.tr\/turkiye\/3-kisinin-oldugu-uludag-daki-otel-yangininda-avukattan-skandal-iddia-itfaiye-aracinda-su-yoktu-2498543\" target=\"_blank\" class=\"feedzy-rss-link-icon\">Read More<\/a><\/p>","protected":false},"excerpt":{"rendered":"<p>Bursa Uluda\u011f&#8217;da denetimlerinde eksiklik tespit edildi\u011fi i\u00e7in kapat\u0131lan otelde \u00e7\u0131kan ve 3 ki\u015finin ya\u015fam\u0131n\u0131 yitirdi\u011fi yang\u0131nla ilgili yarg\u0131lama s\u00fcr\u00fcyor. Avukat \u0130smail Eray \u00c7okal, yang\u0131na m\u00fcdahale i\u00e7in gelen itfaiye arac\u0131nda su bulunmad\u0131\u011f\u0131n\u0131 \u00f6ne s\u00fcrd\u00fc.Bursa Uluda\u011f&#8217;da denetimlerinde eksiklik tespit edildi\u011fi i\u00e7in kapat\u0131lan otelde \u00e7\u0131kan ve 3 ki\u015finin ya\u015fam\u0131n\u0131 yitirdi\u011fi yang\u0131nla ilgili yarg\u0131lama s\u00fcr\u00fcyor. Avukat \u0130smail Eray \u00c7okal, [&hellip;]<\/p>\n","protected":false},"author":1,"featured_media":27434,"comment_status":"open","ping_status":"open","sticky":false,"template":"","format":"standard","meta":{"footnotes":"","_links_to":"","_links_to_target":""},"categories":[1],"tags":[],"class_list":["post-27433","post","type-post","status-publish","format-standard","has-post-thumbnail","hentry","category-haberler"],"_links":{"self":[{"href":"https:\/\/www.abchukuk.com\/index.php\/wp-json\/wp\/v2\/posts\/27433","targetHints":{"allow":["GET"]}}],"collection":[{"href":"https:\/\/www.abchukuk.com\/index.php\/wp-json\/wp\/v2\/posts"}],"about":[{"href":"https:\/\/www.abchukuk.com\/index.php\/wp-json\/wp\/v2\/types\/post"}],"author":[{"embeddable":true,"href":"https:\/\/www.abchukuk.com\/index.php\/wp-json\/wp\/v2\/users\/1"}],"replies":[{"embeddable":true,"href":"https:\/\/www.abchukuk.com\/index.php\/wp-json\/wp\/v2\/comments?post=27433"}],"version-history":[{"count":0,"href":"https:\/\/www.abchukuk.com\/index.php\/wp-json\/wp\/v2\/posts\/27433\/revisions"}],"wp:featuredmedia":[{"embeddable":true,"href":"https:\/\/www.abchukuk.com\/index.php\/wp-json\/wp\/v2\/media\/27434"}],"wp:attachment":[{"href":"https:\/\/www.abchukuk.com\/index.php\/wp-json\/wp\/v2\/media?parent=27433"}],"wp:term":[{"taxonomy":"category","embeddable":true,"href":"https:\/\/www.abchukuk.com\/index.php\/wp-json\/wp\/v2\/categories?post=27433"},{"taxonomy":"post_tag","embeddable":true,"href":"https:\/\/www.abchukuk.com\/index.php\/wp-json\/wp\/v2\/tags?post=27433"}],"curies":[{"name":"wp","href":"https:\/\/api.w.org\/{rel}","templated":true}]}}