{"id":27431,"date":"2026-04-26T06:08:00","date_gmt":"2026-04-26T06:08:00","guid":{"rendered":"https:\/\/www.abchukuk.com\/index.php\/2026\/04\/26\/yargitaydan-emsal-karar-milyonlarca-calisani-ilgilendiriyor\/"},"modified":"2026-04-26T06:08:00","modified_gmt":"2026-04-26T06:08:00","slug":"yargitaydan-emsal-karar-milyonlarca-calisani-ilgilendiriyor","status":"publish","type":"post","link":"https:\/\/www.abchukuk.com\/index.php\/2026\/04\/26\/yargitaydan-emsal-karar-milyonlarca-calisani-ilgilendiriyor\/","title":{"rendered":"Yarg\u0131tay&#8217;dan emsal karar: Milyonlarca \u00e7al\u0131\u015fan\u0131 ilgilendiriyor&#8230;"},"content":{"rendered":"<p>Yarg\u0131tay 10. Hukuk Dairesi, \u00e7al\u0131\u015fanlar\u0131 yak\u0131ndan ilgilendiren emsal bir karar ald\u0131. Bu kararla birlikte \u00e7o\u011fu zaman &#8220;kal\u0131c\u0131 engelin yoksa tazminat da yok&#8221; diye bilinen yanl\u0131\u015f alg\u0131, y\u00fcksek mahkemenin bu i\u00e7tihad\u0131yla art\u0131k ge\u00e7erlili\u011fini yitirdi. \u0130\u015fte ayr\u0131nt\u0131lar&#8230;Yarg\u0131tay 10. Hukuk Dairesi, \u00e7al\u0131\u015fanlar\u0131 yak\u0131ndan ilgilendiren emsal bir karar ald\u0131. Bu kararla birlikte \u00e7o\u011fu zaman &#8220;kal\u0131c\u0131 engelin yoksa tazminat da yok&#8221; diye bilinen yanl\u0131\u015f alg\u0131, y\u00fcksek mahkemenin bu i\u00e7tihad\u0131yla art\u0131k ge\u00e7erlili\u011fini yitirdi. \u0130\u015fte ayr\u0131nt\u0131lar&#8230;\u00a0<a href=\"https:\/\/www.cumhuriyet.com.tr\/ekonomi\/yargitay-dan-emsal-karar-milyonlarca-calisani-ilgilendiriyor-2498497\" target=\"_blank\" class=\"feedzy-rss-link-icon\">Read More<\/a><\/p>","protected":false},"excerpt":{"rendered":"<p>Yarg\u0131tay 10. Hukuk Dairesi, \u00e7al\u0131\u015fanlar\u0131 yak\u0131ndan ilgilendiren emsal bir karar ald\u0131. Bu kararla birlikte \u00e7o\u011fu zaman &#8220;kal\u0131c\u0131 engelin yoksa tazminat da yok&#8221; diye bilinen yanl\u0131\u015f alg\u0131, y\u00fcksek mahkemenin bu i\u00e7tihad\u0131yla art\u0131k ge\u00e7erlili\u011fini yitirdi. \u0130\u015fte ayr\u0131nt\u0131lar&#8230;Yarg\u0131tay 10. Hukuk Dairesi, \u00e7al\u0131\u015fanlar\u0131 yak\u0131ndan ilgilendiren emsal bir karar ald\u0131. Bu kararla birlikte \u00e7o\u011fu zaman &#8220;kal\u0131c\u0131 engelin yoksa tazminat da [&hellip;]<\/p>\n","protected":false},"author":1,"featured_media":27432,"comment_status":"open","ping_status":"open","sticky":false,"template":"","format":"standard","meta":{"footnotes":"","_links_to":"","_links_to_target":""},"categories":[1],"tags":[],"class_list":["post-27431","post","type-post","status-publish","format-standard","has-post-thumbnail","hentry","category-haberler"],"_links":{"self":[{"href":"https:\/\/www.abchukuk.com\/index.php\/wp-json\/wp\/v2\/posts\/27431","targetHints":{"allow":["GET"]}}],"collection":[{"href":"https:\/\/www.abchukuk.com\/index.php\/wp-json\/wp\/v2\/posts"}],"about":[{"href":"https:\/\/www.abchukuk.com\/index.php\/wp-json\/wp\/v2\/types\/post"}],"author":[{"embeddable":true,"href":"https:\/\/www.abchukuk.com\/index.php\/wp-json\/wp\/v2\/users\/1"}],"replies":[{"embeddable":true,"href":"https:\/\/www.abchukuk.com\/index.php\/wp-json\/wp\/v2\/comments?post=27431"}],"version-history":[{"count":0,"href":"https:\/\/www.abchukuk.com\/index.php\/wp-json\/wp\/v2\/posts\/27431\/revisions"}],"wp:featuredmedia":[{"embeddable":true,"href":"https:\/\/www.abchukuk.com\/index.php\/wp-json\/wp\/v2\/media\/27432"}],"wp:attachment":[{"href":"https:\/\/www.abchukuk.com\/index.php\/wp-json\/wp\/v2\/media?parent=27431"}],"wp:term":[{"taxonomy":"category","embeddable":true,"href":"https:\/\/www.abchukuk.com\/index.php\/wp-json\/wp\/v2\/categories?post=27431"},{"taxonomy":"post_tag","embeddable":true,"href":"https:\/\/www.abchukuk.com\/index.php\/wp-json\/wp\/v2\/tags?post=27431"}],"curies":[{"name":"wp","href":"https:\/\/api.w.org\/{rel}","templated":true}]}}