{"id":27427,"date":"2026-04-26T06:16:00","date_gmt":"2026-04-26T06:16:00","guid":{"rendered":"https:\/\/www.abchukuk.com\/index.php\/2026\/04\/26\/erdogan-imzaladi-resmi-gazetede-yayimlandi-iki-urunde-vergi-sifirlandi\/"},"modified":"2026-04-26T06:16:00","modified_gmt":"2026-04-26T06:16:00","slug":"erdogan-imzaladi-resmi-gazetede-yayimlandi-iki-urunde-vergi-sifirlandi","status":"publish","type":"post","link":"https:\/\/www.abchukuk.com\/index.php\/2026\/04\/26\/erdogan-imzaladi-resmi-gazetede-yayimlandi-iki-urunde-vergi-sifirlandi\/","title":{"rendered":"Erdo\u011fan imzalad\u0131, Resmi Gazete&#8217;de yay\u0131mland\u0131: \u0130ki \u00fcr\u00fcnde vergi s\u0131f\u0131rland\u0131"},"content":{"rendered":"<p>Ticaret Bakanl\u0131\u011f\u0131, g\u0131da arz g\u00fcvenli\u011fini sa\u011flamak ve \u00fcreticiyi maliyet art\u0131\u015flar\u0131na kar\u015f\u0131 korumak amac\u0131yla yeni bir vergi d\u00fczenlemesi ba\u015flatt\u0131. Erdo\u011fan imzas\u0131yla Resmi Gazete&#8217;de yay\u0131mlanan kararla 2 \u00fcr\u00fcne vergi s\u0131f\u0131rland\u0131.Ticaret Bakanl\u0131\u011f\u0131, g\u0131da arz g\u00fcvenli\u011fini sa\u011flamak ve \u00fcreticiyi maliyet art\u0131\u015flar\u0131na kar\u015f\u0131 korumak amac\u0131yla yeni bir vergi d\u00fczenlemesi ba\u015flatt\u0131. Erdo\u011fan imzas\u0131yla Resmi Gazete&#8217;de yay\u0131mlanan kararla 2 \u00fcr\u00fcne vergi s\u0131f\u0131rland\u0131.\u00a0<a href=\"https:\/\/www.cumhuriyet.com.tr\/ekonomi\/erdogan-imzaladi-resmi-gazete-de-yayimlandi-iki-urunde-vergi-sifirlandi-2498502\" target=\"_blank\" class=\"feedzy-rss-link-icon\">Read More<\/a><\/p>","protected":false},"excerpt":{"rendered":"<p>Ticaret Bakanl\u0131\u011f\u0131, g\u0131da arz g\u00fcvenli\u011fini sa\u011flamak ve \u00fcreticiyi maliyet art\u0131\u015flar\u0131na kar\u015f\u0131 korumak amac\u0131yla yeni bir vergi d\u00fczenlemesi ba\u015flatt\u0131. Erdo\u011fan imzas\u0131yla Resmi Gazete&#8217;de yay\u0131mlanan kararla 2 \u00fcr\u00fcne vergi s\u0131f\u0131rland\u0131.Ticaret Bakanl\u0131\u011f\u0131, g\u0131da arz g\u00fcvenli\u011fini sa\u011flamak ve \u00fcreticiyi maliyet art\u0131\u015flar\u0131na kar\u015f\u0131 korumak amac\u0131yla yeni bir vergi d\u00fczenlemesi ba\u015flatt\u0131. Erdo\u011fan imzas\u0131yla Resmi Gazete&#8217;de yay\u0131mlanan kararla 2 \u00fcr\u00fcne vergi s\u0131f\u0131rland\u0131.\u00a0Read [&hellip;]<\/p>\n","protected":false},"author":1,"featured_media":27428,"comment_status":"open","ping_status":"open","sticky":false,"template":"","format":"standard","meta":{"footnotes":"","_links_to":"","_links_to_target":""},"categories":[1],"tags":[],"class_list":["post-27427","post","type-post","status-publish","format-standard","has-post-thumbnail","hentry","category-haberler"],"_links":{"self":[{"href":"https:\/\/www.abchukuk.com\/index.php\/wp-json\/wp\/v2\/posts\/27427","targetHints":{"allow":["GET"]}}],"collection":[{"href":"https:\/\/www.abchukuk.com\/index.php\/wp-json\/wp\/v2\/posts"}],"about":[{"href":"https:\/\/www.abchukuk.com\/index.php\/wp-json\/wp\/v2\/types\/post"}],"author":[{"embeddable":true,"href":"https:\/\/www.abchukuk.com\/index.php\/wp-json\/wp\/v2\/users\/1"}],"replies":[{"embeddable":true,"href":"https:\/\/www.abchukuk.com\/index.php\/wp-json\/wp\/v2\/comments?post=27427"}],"version-history":[{"count":0,"href":"https:\/\/www.abchukuk.com\/index.php\/wp-json\/wp\/v2\/posts\/27427\/revisions"}],"wp:featuredmedia":[{"embeddable":true,"href":"https:\/\/www.abchukuk.com\/index.php\/wp-json\/wp\/v2\/media\/27428"}],"wp:attachment":[{"href":"https:\/\/www.abchukuk.com\/index.php\/wp-json\/wp\/v2\/media?parent=27427"}],"wp:term":[{"taxonomy":"category","embeddable":true,"href":"https:\/\/www.abchukuk.com\/index.php\/wp-json\/wp\/v2\/categories?post=27427"},{"taxonomy":"post_tag","embeddable":true,"href":"https:\/\/www.abchukuk.com\/index.php\/wp-json\/wp\/v2\/tags?post=27427"}],"curies":[{"name":"wp","href":"https:\/\/api.w.org\/{rel}","templated":true}]}}