{"id":27420,"date":"2026-04-25T22:22:44","date_gmt":"2026-04-25T22:22:44","guid":{"rendered":"https:\/\/www.abchukuk.com\/index.php\/2026\/04\/25\/resmi-gazete-yayimlandi-88\/"},"modified":"2026-04-25T22:22:44","modified_gmt":"2026-04-25T22:22:44","slug":"resmi-gazete-yayimlandi-88","status":"publish","type":"post","link":"https:\/\/www.abchukuk.com\/index.php\/2026\/04\/25\/resmi-gazete-yayimlandi-88\/","title":{"rendered":"Resmi Gazete yay\u0131mland\u0131"},"content":{"rendered":"<p>Resmi Gazete kararlar\u0131, her g\u00fcn oldu\u011fu gibi bug\u00fcn de Cumhurba\u015fkan\u0131 Recep Tayyip Erdo\u011fan&#8217;\u0131n imzas\u0131yla 26 Nisan Pazar g\u00fcn\u00fc yay\u0131mland\u0131. Toplumun bir\u00e7ok kesimini ilgilendiren d\u00fczenleme ve kararlar, genellikle gece yar\u0131s\u0131ndan itibaren eri\u015fime a\u00e7\u0131l\u0131yor. G\u00fcndeme ili\u015fkin \u00f6nemli geli\u015fmelerin yer ald\u0131\u011f\u0131 Resmi Gazete&#8217;de yay\u0131mlanan kararlar, kamuoyuna bu kanal \u00fczerinden duyurulmaya devam ediyor. Peki, 26 Nisan 2026 Pazar tarihli Resmi Gazete&#8217;de hangi kararlar yer ald\u0131? \u0130\u015fte g\u00fcn\u00fcn \u00f6ne \u00e7\u0131kan d\u00fczenlemeleri\u2026Resmi Gazete kararlar\u0131, her g\u00fcn oldu\u011fu gibi bug\u00fcn de Cumhurba\u015fkan\u0131 Recep Tayyip Erdo\u011fan&#8217;\u0131n imzas\u0131yla 26 Nisan Pazar g\u00fcn\u00fc yay\u0131mland\u0131. Toplumun bir\u00e7ok kesimini ilgilendiren d\u00fczenleme ve kararlar, genellikle gece yar\u0131s\u0131ndan itibaren eri\u015fime a\u00e7\u0131l\u0131yor. G\u00fcndeme ili\u015fkin \u00f6nemli geli\u015fmelerin yer ald\u0131\u011f\u0131 Resmi Gazete&#8217;de yay\u0131mlanan kararlar, kamuoyuna bu kanal \u00fczerinden duyurulmaya devam ediyor. Peki, 26 Nisan 2026 Pazar tarihli Resmi Gazete&#8217;de hangi kararlar yer ald\u0131? \u0130\u015fte g\u00fcn\u00fcn \u00f6ne \u00e7\u0131kan d\u00fczenlemeleri\u2026\u00a0<a href=\"https:\/\/www.haberturk.com\/resmi-gazete-kararlari-26-nisan-2026-bugunku-resmi-gazete-yayimlandi-mi-alinan-kararlari-neler-3880233\" target=\"_blank\" class=\"feedzy-rss-link-icon\">Read More<\/a><\/p>","protected":false},"excerpt":{"rendered":"<p>Resmi Gazete kararlar\u0131, her g\u00fcn oldu\u011fu gibi bug\u00fcn de Cumhurba\u015fkan\u0131 Recep Tayyip Erdo\u011fan&#8217;\u0131n imzas\u0131yla 26 Nisan Pazar g\u00fcn\u00fc yay\u0131mland\u0131. Toplumun bir\u00e7ok kesimini ilgilendiren d\u00fczenleme ve kararlar, genellikle gece yar\u0131s\u0131ndan itibaren eri\u015fime a\u00e7\u0131l\u0131yor. G\u00fcndeme ili\u015fkin \u00f6nemli geli\u015fmelerin yer ald\u0131\u011f\u0131 Resmi Gazete&#8217;de yay\u0131mlanan kararlar, kamuoyuna bu kanal \u00fczerinden duyurulmaya devam ediyor. Peki, 26 Nisan 2026 Pazar tarihli [&hellip;]<\/p>\n","protected":false},"author":1,"featured_media":0,"comment_status":"open","ping_status":"open","sticky":false,"template":"","format":"standard","meta":{"footnotes":"","_links_to":"","_links_to_target":""},"categories":[1],"tags":[],"class_list":["post-27420","post","type-post","status-publish","format-standard","hentry","category-haberler"],"_links":{"self":[{"href":"https:\/\/www.abchukuk.com\/index.php\/wp-json\/wp\/v2\/posts\/27420","targetHints":{"allow":["GET"]}}],"collection":[{"href":"https:\/\/www.abchukuk.com\/index.php\/wp-json\/wp\/v2\/posts"}],"about":[{"href":"https:\/\/www.abchukuk.com\/index.php\/wp-json\/wp\/v2\/types\/post"}],"author":[{"embeddable":true,"href":"https:\/\/www.abchukuk.com\/index.php\/wp-json\/wp\/v2\/users\/1"}],"replies":[{"embeddable":true,"href":"https:\/\/www.abchukuk.com\/index.php\/wp-json\/wp\/v2\/comments?post=27420"}],"version-history":[{"count":0,"href":"https:\/\/www.abchukuk.com\/index.php\/wp-json\/wp\/v2\/posts\/27420\/revisions"}],"wp:attachment":[{"href":"https:\/\/www.abchukuk.com\/index.php\/wp-json\/wp\/v2\/media?parent=27420"}],"wp:term":[{"taxonomy":"category","embeddable":true,"href":"https:\/\/www.abchukuk.com\/index.php\/wp-json\/wp\/v2\/categories?post=27420"},{"taxonomy":"post_tag","embeddable":true,"href":"https:\/\/www.abchukuk.com\/index.php\/wp-json\/wp\/v2\/tags?post=27420"}],"curies":[{"name":"wp","href":"https:\/\/api.w.org\/{rel}","templated":true}]}}