{"id":27419,"date":"2026-04-26T01:12:50","date_gmt":"2026-04-26T01:12:50","guid":{"rendered":"https:\/\/www.abchukuk.com\/index.php\/2026\/04\/26\/beyaz-saray-muhabirleri-yemeginde-silah-sesleri-trump-ve-ust-duzey-yetkililer-tahliye-edildi\/"},"modified":"2026-04-26T01:12:50","modified_gmt":"2026-04-26T01:12:50","slug":"beyaz-saray-muhabirleri-yemeginde-silah-sesleri-trump-ve-ust-duzey-yetkililer-tahliye-edildi","status":"publish","type":"post","link":"https:\/\/www.abchukuk.com\/index.php\/2026\/04\/26\/beyaz-saray-muhabirleri-yemeginde-silah-sesleri-trump-ve-ust-duzey-yetkililer-tahliye-edildi\/","title":{"rendered":"Beyaz Saray muhabirleri yeme\u011finde silah sesleri: Trump ve \u00fcst d\u00fczey yetkililer tahliye edildi"},"content":{"rendered":"<p>Geleneksel Beyaz Saray Muhabirleri Derne\u011fi yeme\u011fi, silah sesleri duyulmas\u0131n\u0131n ard\u0131ndan kaosa sahne oldu. Gizli Servis ajanlar\u0131n\u0131n m\u00fcdahalesiyle Ba\u015fkan Trump ve \u00fcst d\u00fczey liderler salondan h\u0131zla \u00e7\u0131kar\u0131ld\u0131.Geleneksel Beyaz Saray Muhabirleri Derne\u011fi yeme\u011fi, silah sesleri duyulmas\u0131n\u0131n ard\u0131ndan kaosa sahne oldu. Gizli Servis ajanlar\u0131n\u0131n m\u00fcdahalesiyle Ba\u015fkan Trump ve \u00fcst d\u00fczey liderler salondan h\u0131zla \u00e7\u0131kar\u0131ld\u0131.\u00a0<a href=\"http:\/\/tr.euronews.com\/2026\/04\/26\/beyaz-saray-muhabirleri-yemeginde-guvenlik-alarmi-trump-ve-ust-duzey-yetkililer-tahliye-ed\" target=\"_blank\" class=\"feedzy-rss-link-icon\">Read More<\/a><\/p>","protected":false},"excerpt":{"rendered":"<p>Geleneksel Beyaz Saray Muhabirleri Derne\u011fi yeme\u011fi, silah sesleri duyulmas\u0131n\u0131n ard\u0131ndan kaosa sahne oldu. Gizli Servis ajanlar\u0131n\u0131n m\u00fcdahalesiyle Ba\u015fkan Trump ve \u00fcst d\u00fczey liderler salondan h\u0131zla \u00e7\u0131kar\u0131ld\u0131.Geleneksel Beyaz Saray Muhabirleri Derne\u011fi yeme\u011fi, silah sesleri duyulmas\u0131n\u0131n ard\u0131ndan kaosa sahne oldu. Gizli Servis ajanlar\u0131n\u0131n m\u00fcdahalesiyle Ba\u015fkan Trump ve \u00fcst d\u00fczey liderler salondan h\u0131zla \u00e7\u0131kar\u0131ld\u0131.\u00a0Read More<\/p>\n","protected":false},"author":1,"featured_media":0,"comment_status":"open","ping_status":"open","sticky":false,"template":"","format":"standard","meta":{"footnotes":"","_links_to":"","_links_to_target":""},"categories":[1],"tags":[],"class_list":["post-27419","post","type-post","status-publish","format-standard","hentry","category-haberler"],"_links":{"self":[{"href":"https:\/\/www.abchukuk.com\/index.php\/wp-json\/wp\/v2\/posts\/27419","targetHints":{"allow":["GET"]}}],"collection":[{"href":"https:\/\/www.abchukuk.com\/index.php\/wp-json\/wp\/v2\/posts"}],"about":[{"href":"https:\/\/www.abchukuk.com\/index.php\/wp-json\/wp\/v2\/types\/post"}],"author":[{"embeddable":true,"href":"https:\/\/www.abchukuk.com\/index.php\/wp-json\/wp\/v2\/users\/1"}],"replies":[{"embeddable":true,"href":"https:\/\/www.abchukuk.com\/index.php\/wp-json\/wp\/v2\/comments?post=27419"}],"version-history":[{"count":0,"href":"https:\/\/www.abchukuk.com\/index.php\/wp-json\/wp\/v2\/posts\/27419\/revisions"}],"wp:attachment":[{"href":"https:\/\/www.abchukuk.com\/index.php\/wp-json\/wp\/v2\/media?parent=27419"}],"wp:term":[{"taxonomy":"category","embeddable":true,"href":"https:\/\/www.abchukuk.com\/index.php\/wp-json\/wp\/v2\/categories?post=27419"},{"taxonomy":"post_tag","embeddable":true,"href":"https:\/\/www.abchukuk.com\/index.php\/wp-json\/wp\/v2\/tags?post=27419"}],"curies":[{"name":"wp","href":"https:\/\/api.w.org\/{rel}","templated":true}]}}