{"id":27417,"date":"2026-04-26T04:02:00","date_gmt":"2026-04-26T04:02:00","guid":{"rendered":"https:\/\/www.abchukuk.com\/index.php\/2026\/04\/26\/trump-beyaz-saray-muhabirleri-dernegi-yemeginde-silah-sesleri-sonrasi-tahliye-edildi\/"},"modified":"2026-04-26T04:02:00","modified_gmt":"2026-04-26T04:02:00","slug":"trump-beyaz-saray-muhabirleri-dernegi-yemeginde-silah-sesleri-sonrasi-tahliye-edildi","status":"publish","type":"post","link":"https:\/\/www.abchukuk.com\/index.php\/2026\/04\/26\/trump-beyaz-saray-muhabirleri-dernegi-yemeginde-silah-sesleri-sonrasi-tahliye-edildi\/","title":{"rendered":"Trump, Beyaz Saray Muhabirleri Derne\u011fi yeme\u011finde silah sesleri sonras\u0131 tahliye edildi"},"content":{"rendered":"<p>Washington\u2019daki Beyaz Saray Muhabirleri Derne\u011fi yeme\u011fi, g\u00fcvenlik kontrol noktas\u0131nda ya\u015fanan silahl\u0131 sald\u0131r\u0131 nedeniyle yar\u0131da kesildi. ABD Ba\u015fkan\u0131 Donald Trump ve \u00fcst d\u00fczey yetkililer g\u00fcvenli b\u00f6lgeye al\u0131n\u0131rken, olayda bir \u015f\u00fcpheli g\u00f6zalt\u0131na al\u0131nd\u0131 ve Trump\u2019\u0131n g\u00fcvende oldu\u011fu a\u00e7\u0131kland\u0131.Washington\u2019daki Beyaz Saray Muhabirleri Derne\u011fi yeme\u011fi, g\u00fcvenlik kontrol noktas\u0131nda ya\u015fanan silahl\u0131 sald\u0131r\u0131 nedeniyle yar\u0131da kesildi. ABD Ba\u015fkan\u0131 Donald Trump ve \u00fcst d\u00fczey yetkililer g\u00fcvenli b\u00f6lgeye al\u0131n\u0131rken, olayda bir \u015f\u00fcpheli g\u00f6zalt\u0131na al\u0131nd\u0131 ve Trump\u2019\u0131n g\u00fcvende oldu\u011fu a\u00e7\u0131kland\u0131.\u00a0<a href=\"https:\/\/www.dunya.com\/dunya\/trump-beyaz-saray-muhabirleri-dernegi-yemeginde-silah-sesleri-sonrasi-tahliye-edildi-haberi-822917\" target=\"_blank\" class=\"feedzy-rss-link-icon\">Read More<\/a><\/p>","protected":false},"excerpt":{"rendered":"<p>Washington\u2019daki Beyaz Saray Muhabirleri Derne\u011fi yeme\u011fi, g\u00fcvenlik kontrol noktas\u0131nda ya\u015fanan silahl\u0131 sald\u0131r\u0131 nedeniyle yar\u0131da kesildi. ABD Ba\u015fkan\u0131 Donald Trump ve \u00fcst d\u00fczey yetkililer g\u00fcvenli b\u00f6lgeye al\u0131n\u0131rken, olayda bir \u015f\u00fcpheli g\u00f6zalt\u0131na al\u0131nd\u0131 ve Trump\u2019\u0131n g\u00fcvende oldu\u011fu a\u00e7\u0131kland\u0131.Washington\u2019daki Beyaz Saray Muhabirleri Derne\u011fi yeme\u011fi, g\u00fcvenlik kontrol noktas\u0131nda ya\u015fanan silahl\u0131 sald\u0131r\u0131 nedeniyle yar\u0131da kesildi. ABD Ba\u015fkan\u0131 Donald Trump ve [&hellip;]<\/p>\n","protected":false},"author":1,"featured_media":27418,"comment_status":"open","ping_status":"open","sticky":false,"template":"","format":"standard","meta":{"footnotes":"","_links_to":"","_links_to_target":""},"categories":[1],"tags":[],"class_list":["post-27417","post","type-post","status-publish","format-standard","has-post-thumbnail","hentry","category-haberler"],"_links":{"self":[{"href":"https:\/\/www.abchukuk.com\/index.php\/wp-json\/wp\/v2\/posts\/27417","targetHints":{"allow":["GET"]}}],"collection":[{"href":"https:\/\/www.abchukuk.com\/index.php\/wp-json\/wp\/v2\/posts"}],"about":[{"href":"https:\/\/www.abchukuk.com\/index.php\/wp-json\/wp\/v2\/types\/post"}],"author":[{"embeddable":true,"href":"https:\/\/www.abchukuk.com\/index.php\/wp-json\/wp\/v2\/users\/1"}],"replies":[{"embeddable":true,"href":"https:\/\/www.abchukuk.com\/index.php\/wp-json\/wp\/v2\/comments?post=27417"}],"version-history":[{"count":0,"href":"https:\/\/www.abchukuk.com\/index.php\/wp-json\/wp\/v2\/posts\/27417\/revisions"}],"wp:featuredmedia":[{"embeddable":true,"href":"https:\/\/www.abchukuk.com\/index.php\/wp-json\/wp\/v2\/media\/27418"}],"wp:attachment":[{"href":"https:\/\/www.abchukuk.com\/index.php\/wp-json\/wp\/v2\/media?parent=27417"}],"wp:term":[{"taxonomy":"category","embeddable":true,"href":"https:\/\/www.abchukuk.com\/index.php\/wp-json\/wp\/v2\/categories?post=27417"},{"taxonomy":"post_tag","embeddable":true,"href":"https:\/\/www.abchukuk.com\/index.php\/wp-json\/wp\/v2\/tags?post=27417"}],"curies":[{"name":"wp","href":"https:\/\/api.w.org\/{rel}","templated":true}]}}