{"id":2739,"date":"2025-08-28T14:51:26","date_gmt":"2025-08-28T14:51:26","guid":{"rendered":"http:\/\/www.lopsssdoner.com\/index.php\/2025\/08\/28\/federal-mahkeme-karari-onadi-ilahiyat-profesoru-tarik-ramazan-isvicrede-tecavuzden-hukum-giydi\/"},"modified":"2025-08-28T14:51:26","modified_gmt":"2025-08-28T14:51:26","slug":"federal-mahkeme-karari-onadi-ilahiyat-profesoru-tarik-ramazan-isvicrede-tecavuzden-hukum-giydi","status":"publish","type":"post","link":"https:\/\/www.abchukuk.com\/index.php\/2025\/08\/28\/federal-mahkeme-karari-onadi-ilahiyat-profesoru-tarik-ramazan-isvicrede-tecavuzden-hukum-giydi\/","title":{"rendered":"Federal mahkeme karar\u0131 onad\u0131: \u0130lahiyat Profes\u00f6r\u00fc Tar\u0131k Ramazan, \u0130svi\u00e7re&#8217;de tecav\u00fczden h\u00fck\u00fcm giydi"},"content":{"rendered":"<p>Federal mahkeme, Ramazan&#8217;\u0131n Cenevre&#8217;deki bir ba\u015fka mahkeme taraf\u0131ndan incelenen delillerin &#8216;keyfi bir \u015fekilde de\u011ferlendirildi\u011fi&#8217; ve usule ili\u015fkin kusurlar oldu\u011fu iddias\u0131yla yapt\u0131\u011f\u0131 temyiz ba\u015fvurusunu reddetti.Federal mahkeme, Ramazan&#8217;\u0131n Cenevre&#8217;deki bir ba\u015fka mahkeme taraf\u0131ndan incelenen delillerin &#8216;keyfi bir \u015fekilde de\u011ferlendirildi\u011fi&#8217; ve usule ili\u015fkin kusurlar oldu\u011fu iddias\u0131yla yapt\u0131\u011f\u0131 temyiz ba\u015fvurusunu reddetti.\u00a0<a href=\"https:\/\/tr.euronews.com\/2025\/08\/28\/federal-mahkeme-karari-onadi-ilahiyat-profesoru-tarik-ramazan-isvicrede-tecavuzden-hukum-g\" target=\"_blank\" class=\"feedzy-rss-link-icon\">Read More<\/a><\/p>","protected":false},"excerpt":{"rendered":"<p>Federal mahkeme, Ramazan&#8217;\u0131n Cenevre&#8217;deki bir ba\u015fka mahkeme taraf\u0131ndan incelenen delillerin &#8216;keyfi bir \u015fekilde de\u011ferlendirildi\u011fi&#8217; ve usule ili\u015fkin kusurlar oldu\u011fu iddias\u0131yla yapt\u0131\u011f\u0131 temyiz ba\u015fvurusunu reddetti.Federal mahkeme, Ramazan&#8217;\u0131n Cenevre&#8217;deki bir ba\u015fka mahkeme taraf\u0131ndan incelenen delillerin &#8216;keyfi bir \u015fekilde de\u011ferlendirildi\u011fi&#8217; ve usule ili\u015fkin kusurlar oldu\u011fu iddias\u0131yla yapt\u0131\u011f\u0131 temyiz ba\u015fvurusunu reddetti.\u00a0Read More<\/p>\n","protected":false},"author":1,"featured_media":0,"comment_status":"open","ping_status":"open","sticky":false,"template":"","format":"standard","meta":{"footnotes":"","_links_to":"","_links_to_target":""},"categories":[1],"tags":[],"class_list":["post-2739","post","type-post","status-publish","format-standard","hentry","category-haberler"],"_links":{"self":[{"href":"https:\/\/www.abchukuk.com\/index.php\/wp-json\/wp\/v2\/posts\/2739","targetHints":{"allow":["GET"]}}],"collection":[{"href":"https:\/\/www.abchukuk.com\/index.php\/wp-json\/wp\/v2\/posts"}],"about":[{"href":"https:\/\/www.abchukuk.com\/index.php\/wp-json\/wp\/v2\/types\/post"}],"author":[{"embeddable":true,"href":"https:\/\/www.abchukuk.com\/index.php\/wp-json\/wp\/v2\/users\/1"}],"replies":[{"embeddable":true,"href":"https:\/\/www.abchukuk.com\/index.php\/wp-json\/wp\/v2\/comments?post=2739"}],"version-history":[{"count":0,"href":"https:\/\/www.abchukuk.com\/index.php\/wp-json\/wp\/v2\/posts\/2739\/revisions"}],"wp:attachment":[{"href":"https:\/\/www.abchukuk.com\/index.php\/wp-json\/wp\/v2\/media?parent=2739"}],"wp:term":[{"taxonomy":"category","embeddable":true,"href":"https:\/\/www.abchukuk.com\/index.php\/wp-json\/wp\/v2\/categories?post=2739"},{"taxonomy":"post_tag","embeddable":true,"href":"https:\/\/www.abchukuk.com\/index.php\/wp-json\/wp\/v2\/tags?post=2739"}],"curies":[{"name":"wp","href":"https:\/\/api.w.org\/{rel}","templated":true}]}}