{"id":27364,"date":"2026-04-25T01:00:00","date_gmt":"2026-04-25T01:00:00","guid":{"rendered":"https:\/\/www.abchukuk.com\/index.php\/2026\/04\/25\/tevhit-bayragi-acan-aydemire-yumruk-atan-akersoy-hakkinda-tweet-atan-avukata-dava-adaletsizligin-kurbani-oldum\/"},"modified":"2026-04-25T01:00:00","modified_gmt":"2026-04-25T01:00:00","slug":"tevhit-bayragi-acan-aydemire-yumruk-atan-akersoy-hakkinda-tweet-atan-avukata-dava-adaletsizligin-kurbani-oldum","status":"publish","type":"post","link":"https:\/\/www.abchukuk.com\/index.php\/2026\/04\/25\/tevhit-bayragi-acan-aydemire-yumruk-atan-akersoy-hakkinda-tweet-atan-avukata-dava-adaletsizligin-kurbani-oldum\/","title":{"rendered":"\u2018Tevhit\u2019 bayra\u011f\u0131 a\u00e7an Aydemir\u2019e yumruk atan Akersoy hakk\u0131nda tweet atan avukata dava: \u2018Adaletsizli\u011fin kurban\u0131 oldum\u2019"},"content":{"rendered":"<p>Akersoy\u2019un beraat etti\u011fi dosyayla ilgili payla\u015f\u0131m\u0131 nedeniyle hakk\u0131nda dava a\u00e7\u0131lan avukat Kerim Bahad\u0131r \u015eeker, su\u00e7lamalar\u0131n gerek\u00e7esiz oldu\u011funu belirterek adaletin tecelli edece\u011fine inand\u0131\u011f\u0131n\u0131 s\u00f6yledi.Akersoy\u2019un beraat etti\u011fi dosyayla ilgili payla\u015f\u0131m\u0131 nedeniyle hakk\u0131nda dava a\u00e7\u0131lan avukat Kerim Bahad\u0131r \u015eeker, su\u00e7lamalar\u0131n gerek\u00e7esiz oldu\u011funu belirterek adaletin tecelli edece\u011fine inand\u0131\u011f\u0131n\u0131 s\u00f6yledi.\u00a0<a href=\"https:\/\/www.cumhuriyet.com.tr\/turkiye\/tevhit-bayragi-acan-aydemir-e-yumruk-atan-akersoy-hakkinda-tweet-atan-avukata-dava-adaletsizligin-kurbani-oldum-2498263\" target=\"_blank\" class=\"feedzy-rss-link-icon\">Read More<\/a><\/p>","protected":false},"excerpt":{"rendered":"<p>Akersoy\u2019un beraat etti\u011fi dosyayla ilgili payla\u015f\u0131m\u0131 nedeniyle hakk\u0131nda dava a\u00e7\u0131lan avukat Kerim Bahad\u0131r \u015eeker, su\u00e7lamalar\u0131n gerek\u00e7esiz oldu\u011funu belirterek adaletin tecelli edece\u011fine inand\u0131\u011f\u0131n\u0131 s\u00f6yledi.Akersoy\u2019un beraat etti\u011fi dosyayla ilgili payla\u015f\u0131m\u0131 nedeniyle hakk\u0131nda dava a\u00e7\u0131lan avukat Kerim Bahad\u0131r \u015eeker, su\u00e7lamalar\u0131n gerek\u00e7esiz oldu\u011funu belirterek adaletin tecelli edece\u011fine inand\u0131\u011f\u0131n\u0131 s\u00f6yledi.\u00a0Read More<\/p>\n","protected":false},"author":1,"featured_media":27365,"comment_status":"open","ping_status":"open","sticky":false,"template":"","format":"standard","meta":{"footnotes":"","_links_to":"","_links_to_target":""},"categories":[1],"tags":[],"class_list":["post-27364","post","type-post","status-publish","format-standard","has-post-thumbnail","hentry","category-haberler"],"_links":{"self":[{"href":"https:\/\/www.abchukuk.com\/index.php\/wp-json\/wp\/v2\/posts\/27364","targetHints":{"allow":["GET"]}}],"collection":[{"href":"https:\/\/www.abchukuk.com\/index.php\/wp-json\/wp\/v2\/posts"}],"about":[{"href":"https:\/\/www.abchukuk.com\/index.php\/wp-json\/wp\/v2\/types\/post"}],"author":[{"embeddable":true,"href":"https:\/\/www.abchukuk.com\/index.php\/wp-json\/wp\/v2\/users\/1"}],"replies":[{"embeddable":true,"href":"https:\/\/www.abchukuk.com\/index.php\/wp-json\/wp\/v2\/comments?post=27364"}],"version-history":[{"count":0,"href":"https:\/\/www.abchukuk.com\/index.php\/wp-json\/wp\/v2\/posts\/27364\/revisions"}],"wp:featuredmedia":[{"embeddable":true,"href":"https:\/\/www.abchukuk.com\/index.php\/wp-json\/wp\/v2\/media\/27365"}],"wp:attachment":[{"href":"https:\/\/www.abchukuk.com\/index.php\/wp-json\/wp\/v2\/media?parent=27364"}],"wp:term":[{"taxonomy":"category","embeddable":true,"href":"https:\/\/www.abchukuk.com\/index.php\/wp-json\/wp\/v2\/categories?post=27364"},{"taxonomy":"post_tag","embeddable":true,"href":"https:\/\/www.abchukuk.com\/index.php\/wp-json\/wp\/v2\/tags?post=27364"}],"curies":[{"name":"wp","href":"https:\/\/api.w.org\/{rel}","templated":true}]}}