{"id":2730,"date":"2025-08-28T07:03:00","date_gmt":"2025-08-28T07:03:00","guid":{"rendered":"http:\/\/www.lopsssdoner.com\/index.php\/2025\/08\/28\/itirafciyi-ekrana-cikarmaya-kalktilar-ev-hapsi-kaldirilan-aziz-ihsan-aktas-ile-cevap-hakki-adi-altinda-roportaj\/"},"modified":"2025-08-28T07:03:00","modified_gmt":"2025-08-28T07:03:00","slug":"itirafciyi-ekrana-cikarmaya-kalktilar-ev-hapsi-kaldirilan-aziz-ihsan-aktas-ile-cevap-hakki-adi-altinda-roportaj","status":"publish","type":"post","link":"https:\/\/www.abchukuk.com\/index.php\/2025\/08\/28\/itirafciyi-ekrana-cikarmaya-kalktilar-ev-hapsi-kaldirilan-aziz-ihsan-aktas-ile-cevap-hakki-adi-altinda-roportaj\/","title":{"rendered":"\u0130tiraf\u00e7\u0131y\u0131 Ekrana \u00c7\u0131karmaya Kalkt\u0131lar: Ev Hapsi Kald\u0131r\u0131lan Aziz \u0130hsan Akta\u015f ile &#8216;Cevap Hakk\u0131&#8217; Ad\u0131 Alt\u0131nda R\u00f6portaj"},"content":{"rendered":"<p><a href=\"https:\/\/www.gercekgundem.com\/guncel\/itirafciyi-ekrana-cikarmaya-kalktilar-ev-hapsi-kaldirilan-aziz-ihsan-aktas-ile-cevap-hakki-adi-altinda-roportaj-553041\"><br \/>\n                                                            <img decoding=\"async\" src=\"https:\/\/i.gercekgundem.com\/2\/150\/84\/storage\/files\/images\/2025\/08\/28\/ev-hapsi-kaldirilan-aziz-ihsan-aktastan-ilk-roportaj-devletime-yardim-etmemden-rahatsiz-olanlar-var-6mex.jpg\" width=\"150\" height=\"84\" border=\"0\" align=\"right\" \/><br \/>\n                                                    <\/a><\/p>\n<h4>\u0130BB soru\u015fturmas\u0131n\u0131n kilit ismi olan ve su\u00e7 \u00f6rg\u00fct\u00fc lideri olmakla su\u00e7lanan Aziz \u0130hsan Akta\u015f, tahliye edilmesinin arkas\u0131ndan ev hapsinin de kald\u0131r\u0131lmas\u0131yla beraber ilk kez konu\u015ftu. Gazeteci Nuray Ba\u015faran&#8217;\u0131n &#8220;cevap hakk\u0131&#8221; ad\u0131 alt\u0131nda mikrofon uzatt\u0131\u011f\u0131 Akta\u015f, \u00fclkeden ka\u00e7mayaca\u011f\u0131n\u0131 s\u00f6yledi.<\/h4>\n<p>\u0130BB soru\u015fturmas\u0131n\u0131n kilit ismi olan ve su\u00e7 \u00f6rg\u00fct\u00fc lideri olmakla su\u00e7lanan Aziz \u0130hsan Akta\u015f, tahliye edilmesinin arkas\u0131ndan ev hapsinin de kald\u0131r\u0131lmas\u0131yla beraber ilk kez konu\u015ftu. Gazeteci Nuray Ba\u015faran&#8217;\u0131n &#8220;cevap hakk\u0131&#8221; ad\u0131 alt\u0131nda mikrofon uzatt\u0131\u011f\u0131 Akta\u015f, \u00fclkeden ka\u00e7mayaca\u011f\u0131n\u0131 s\u00f6yledi.\u00a0<a href=\"https:\/\/www.gercekgundem.com\/guncel\/itirafciyi-ekrana-cikarmaya-kalktilar-ev-hapsi-kaldirilan-aziz-ihsan-aktas-ile-cevap-hakki-adi-altinda-roportaj-553041\" target=\"_blank\" class=\"feedzy-rss-link-icon\">Read More<\/a><\/p>","protected":false},"excerpt":{"rendered":"<p>\u0130BB soru\u015fturmas\u0131n\u0131n kilit ismi olan ve su\u00e7 \u00f6rg\u00fct\u00fc lideri olmakla su\u00e7lanan Aziz \u0130hsan Akta\u015f, tahliye edilmesinin arkas\u0131ndan ev hapsinin de kald\u0131r\u0131lmas\u0131yla beraber ilk kez konu\u015ftu. Gazeteci Nuray Ba\u015faran&#8217;\u0131n &#8220;cevap hakk\u0131&#8221; ad\u0131 alt\u0131nda mikrofon uzatt\u0131\u011f\u0131 Akta\u015f, \u00fclkeden ka\u00e7mayaca\u011f\u0131n\u0131 s\u00f6yledi. \u0130BB soru\u015fturmas\u0131n\u0131n kilit ismi olan ve su\u00e7 \u00f6rg\u00fct\u00fc lideri olmakla su\u00e7lanan Aziz \u0130hsan Akta\u015f, tahliye edilmesinin arkas\u0131ndan [&hellip;]<\/p>\n","protected":false},"author":1,"featured_media":2731,"comment_status":"open","ping_status":"open","sticky":false,"template":"","format":"standard","meta":{"footnotes":"","_links_to":"","_links_to_target":""},"categories":[1],"tags":[],"class_list":["post-2730","post","type-post","status-publish","format-standard","has-post-thumbnail","hentry","category-haberler"],"_links":{"self":[{"href":"https:\/\/www.abchukuk.com\/index.php\/wp-json\/wp\/v2\/posts\/2730","targetHints":{"allow":["GET"]}}],"collection":[{"href":"https:\/\/www.abchukuk.com\/index.php\/wp-json\/wp\/v2\/posts"}],"about":[{"href":"https:\/\/www.abchukuk.com\/index.php\/wp-json\/wp\/v2\/types\/post"}],"author":[{"embeddable":true,"href":"https:\/\/www.abchukuk.com\/index.php\/wp-json\/wp\/v2\/users\/1"}],"replies":[{"embeddable":true,"href":"https:\/\/www.abchukuk.com\/index.php\/wp-json\/wp\/v2\/comments?post=2730"}],"version-history":[{"count":0,"href":"https:\/\/www.abchukuk.com\/index.php\/wp-json\/wp\/v2\/posts\/2730\/revisions"}],"wp:featuredmedia":[{"embeddable":true,"href":"https:\/\/www.abchukuk.com\/index.php\/wp-json\/wp\/v2\/media\/2731"}],"wp:attachment":[{"href":"https:\/\/www.abchukuk.com\/index.php\/wp-json\/wp\/v2\/media?parent=2730"}],"wp:term":[{"taxonomy":"category","embeddable":true,"href":"https:\/\/www.abchukuk.com\/index.php\/wp-json\/wp\/v2\/categories?post=2730"},{"taxonomy":"post_tag","embeddable":true,"href":"https:\/\/www.abchukuk.com\/index.php\/wp-json\/wp\/v2\/tags?post=2730"}],"curies":[{"name":"wp","href":"https:\/\/api.w.org\/{rel}","templated":true}]}}