{"id":27284,"date":"2026-04-24T07:53:00","date_gmt":"2026-04-24T07:53:00","guid":{"rendered":"https:\/\/www.abchukuk.com\/index.php\/2026\/04\/24\/siddet-karsisinda-suskun-kalan-sistem-sorgulaniyor-korunamayan-cocuklar\/"},"modified":"2026-04-24T07:53:00","modified_gmt":"2026-04-24T07:53:00","slug":"siddet-karsisinda-suskun-kalan-sistem-sorgulaniyor-korunamayan-cocuklar","status":"publish","type":"post","link":"https:\/\/www.abchukuk.com\/index.php\/2026\/04\/24\/siddet-karsisinda-suskun-kalan-sistem-sorgulaniyor-korunamayan-cocuklar\/","title":{"rendered":"\u015eiddet kar\u015f\u0131s\u0131nda suskun kalan sistem sorgulan\u0131yor: Korunamayan \u00e7ocuklar"},"content":{"rendered":"<p>\u00c7ocuklara y\u00f6nelik \u015fiddet ve ihmalin giderek g\u00f6r\u00fcn\u00fcr hale geldi\u011fi g\u00fcn\u00fcm\u00fczde, uzmanlar bu sorunun yaln\u0131zca bireysel de\u011fil, toplumsal bir sorumluluk oldu\u011funu vurguluyor. Her \u00e7ocu\u011fun g\u00fcvenli, sa\u011fl\u0131kl\u0131 ve sevgi dolu bir ortamda b\u00fcy\u00fcme hakk\u0131na dikkat \u00e7ekilirken, \u00e7\u00f6z\u00fcm\u00fcn aile, okul ve toplumun ortak hareket etmesiyle m\u00fcmk\u00fcn olaca\u011f\u0131 ifade edildi.\u00c7ocuklara y\u00f6nelik \u015fiddet ve ihmalin giderek g\u00f6r\u00fcn\u00fcr hale geldi\u011fi g\u00fcn\u00fcm\u00fczde, uzmanlar bu sorunun yaln\u0131zca bireysel de\u011fil, toplumsal bir sorumluluk oldu\u011funu vurguluyor. Her \u00e7ocu\u011fun g\u00fcvenli, sa\u011fl\u0131kl\u0131 ve sevgi dolu bir ortamda b\u00fcy\u00fcme hakk\u0131na dikkat \u00e7ekilirken, \u00e7\u00f6z\u00fcm\u00fcn aile, okul ve toplumun ortak hareket etmesiyle m\u00fcmk\u00fcn olaca\u011f\u0131 ifade edildi.\u00a0<a href=\"https:\/\/www.cumhuriyet.com.tr\/cumhuriyet-in-egesi\/siddet-karsisinda-suskun-kalan-sistem-sorgulaniyor-korunamayan-cocuklar-2498018\" target=\"_blank\" class=\"feedzy-rss-link-icon\">Read More<\/a><\/p>","protected":false},"excerpt":{"rendered":"<p>\u00c7ocuklara y\u00f6nelik \u015fiddet ve ihmalin giderek g\u00f6r\u00fcn\u00fcr hale geldi\u011fi g\u00fcn\u00fcm\u00fczde, uzmanlar bu sorunun yaln\u0131zca bireysel de\u011fil, toplumsal bir sorumluluk oldu\u011funu vurguluyor. Her \u00e7ocu\u011fun g\u00fcvenli, sa\u011fl\u0131kl\u0131 ve sevgi dolu bir ortamda b\u00fcy\u00fcme hakk\u0131na dikkat \u00e7ekilirken, \u00e7\u00f6z\u00fcm\u00fcn aile, okul ve toplumun ortak hareket etmesiyle m\u00fcmk\u00fcn olaca\u011f\u0131 ifade edildi.\u00c7ocuklara y\u00f6nelik \u015fiddet ve ihmalin giderek g\u00f6r\u00fcn\u00fcr hale geldi\u011fi g\u00fcn\u00fcm\u00fczde, [&hellip;]<\/p>\n","protected":false},"author":1,"featured_media":27285,"comment_status":"open","ping_status":"open","sticky":false,"template":"","format":"standard","meta":{"footnotes":"","_links_to":"","_links_to_target":""},"categories":[1],"tags":[],"class_list":["post-27284","post","type-post","status-publish","format-standard","has-post-thumbnail","hentry","category-haberler"],"_links":{"self":[{"href":"https:\/\/www.abchukuk.com\/index.php\/wp-json\/wp\/v2\/posts\/27284","targetHints":{"allow":["GET"]}}],"collection":[{"href":"https:\/\/www.abchukuk.com\/index.php\/wp-json\/wp\/v2\/posts"}],"about":[{"href":"https:\/\/www.abchukuk.com\/index.php\/wp-json\/wp\/v2\/types\/post"}],"author":[{"embeddable":true,"href":"https:\/\/www.abchukuk.com\/index.php\/wp-json\/wp\/v2\/users\/1"}],"replies":[{"embeddable":true,"href":"https:\/\/www.abchukuk.com\/index.php\/wp-json\/wp\/v2\/comments?post=27284"}],"version-history":[{"count":0,"href":"https:\/\/www.abchukuk.com\/index.php\/wp-json\/wp\/v2\/posts\/27284\/revisions"}],"wp:featuredmedia":[{"embeddable":true,"href":"https:\/\/www.abchukuk.com\/index.php\/wp-json\/wp\/v2\/media\/27285"}],"wp:attachment":[{"href":"https:\/\/www.abchukuk.com\/index.php\/wp-json\/wp\/v2\/media?parent=27284"}],"wp:term":[{"taxonomy":"category","embeddable":true,"href":"https:\/\/www.abchukuk.com\/index.php\/wp-json\/wp\/v2\/categories?post=27284"},{"taxonomy":"post_tag","embeddable":true,"href":"https:\/\/www.abchukuk.com\/index.php\/wp-json\/wp\/v2\/tags?post=27284"}],"curies":[{"name":"wp","href":"https:\/\/api.w.org\/{rel}","templated":true}]}}