{"id":2728,"date":"2025-08-28T08:54:00","date_gmt":"2025-08-28T08:54:00","guid":{"rendered":"http:\/\/www.lopsssdoner.com\/index.php\/2025\/08\/28\/dem-parti-kars-il-es-baskani-arzu-savas-derman-savciliga-ifade-verecek\/"},"modified":"2025-08-28T08:54:00","modified_gmt":"2025-08-28T08:54:00","slug":"dem-parti-kars-il-es-baskani-arzu-savas-derman-savciliga-ifade-verecek","status":"publish","type":"post","link":"https:\/\/www.abchukuk.com\/index.php\/2025\/08\/28\/dem-parti-kars-il-es-baskani-arzu-savas-derman-savciliga-ifade-verecek\/","title":{"rendered":"DEM Parti Kars \u0130l E\u015f Ba\u015fkan\u0131 Arzu Sava\u015f Derman savc\u0131l\u0131\u011fa ifade verecek"},"content":{"rendered":"<p>DEM Parti Kars \u0130l E\u015f Ba\u015fkan\u0131 Arzu Sava\u015f Derman, Mersin Havaliman\u0131nda hakk\u0131nda g\u00f6zalt\u0131 karar\u0131 verildi\u011fini \u00f6\u011frendi. Derman, yar\u0131n Kars Savc\u0131l\u0131\u011f\u0131na giderek ifade verecek.DEM Parti Kars \u0130l E\u015f Ba\u015fkan\u0131 Arzu Sava\u015f Derman, Mersin Havaliman\u0131nda hakk\u0131nda g\u00f6zalt\u0131 karar\u0131 verildi\u011fini \u00f6\u011frendi. Derman, yar\u0131n Kars Savc\u0131l\u0131\u011f\u0131na giderek ifade verecek.\u00a0<a href=\"https:\/\/www.cumhuriyet.com.tr\/siyaset\/dem-parti-kars-il-es-baskani-arzu-savas-derman-savciliga-ifade-verecek-2430146\" target=\"_blank\" class=\"feedzy-rss-link-icon\">Read More<\/a><\/p>","protected":false},"excerpt":{"rendered":"<p>DEM Parti Kars \u0130l E\u015f Ba\u015fkan\u0131 Arzu Sava\u015f Derman, Mersin Havaliman\u0131nda hakk\u0131nda g\u00f6zalt\u0131 karar\u0131 verildi\u011fini \u00f6\u011frendi. Derman, yar\u0131n Kars Savc\u0131l\u0131\u011f\u0131na giderek ifade verecek.DEM Parti Kars \u0130l E\u015f Ba\u015fkan\u0131 Arzu Sava\u015f Derman, Mersin Havaliman\u0131nda hakk\u0131nda g\u00f6zalt\u0131 karar\u0131 verildi\u011fini \u00f6\u011frendi. Derman, yar\u0131n Kars Savc\u0131l\u0131\u011f\u0131na giderek ifade verecek.\u00a0Read More<\/p>\n","protected":false},"author":1,"featured_media":2729,"comment_status":"open","ping_status":"open","sticky":false,"template":"","format":"standard","meta":{"footnotes":"","_links_to":"","_links_to_target":""},"categories":[1],"tags":[],"class_list":["post-2728","post","type-post","status-publish","format-standard","has-post-thumbnail","hentry","category-haberler"],"_links":{"self":[{"href":"https:\/\/www.abchukuk.com\/index.php\/wp-json\/wp\/v2\/posts\/2728","targetHints":{"allow":["GET"]}}],"collection":[{"href":"https:\/\/www.abchukuk.com\/index.php\/wp-json\/wp\/v2\/posts"}],"about":[{"href":"https:\/\/www.abchukuk.com\/index.php\/wp-json\/wp\/v2\/types\/post"}],"author":[{"embeddable":true,"href":"https:\/\/www.abchukuk.com\/index.php\/wp-json\/wp\/v2\/users\/1"}],"replies":[{"embeddable":true,"href":"https:\/\/www.abchukuk.com\/index.php\/wp-json\/wp\/v2\/comments?post=2728"}],"version-history":[{"count":0,"href":"https:\/\/www.abchukuk.com\/index.php\/wp-json\/wp\/v2\/posts\/2728\/revisions"}],"wp:featuredmedia":[{"embeddable":true,"href":"https:\/\/www.abchukuk.com\/index.php\/wp-json\/wp\/v2\/media\/2729"}],"wp:attachment":[{"href":"https:\/\/www.abchukuk.com\/index.php\/wp-json\/wp\/v2\/media?parent=2728"}],"wp:term":[{"taxonomy":"category","embeddable":true,"href":"https:\/\/www.abchukuk.com\/index.php\/wp-json\/wp\/v2\/categories?post=2728"},{"taxonomy":"post_tag","embeddable":true,"href":"https:\/\/www.abchukuk.com\/index.php\/wp-json\/wp\/v2\/tags?post=2728"}],"curies":[{"name":"wp","href":"https:\/\/api.w.org\/{rel}","templated":true}]}}