{"id":2726,"date":"2025-08-28T09:15:00","date_gmt":"2025-08-28T09:15:00","guid":{"rendered":"http:\/\/www.lopsssdoner.com\/index.php\/2025\/08\/28\/67-yillik-firmadan-konkordato-basvurusu-ve-mahkeme-kararini-acikladi\/"},"modified":"2025-08-28T09:15:00","modified_gmt":"2025-08-28T09:15:00","slug":"67-yillik-firmadan-konkordato-basvurusu-ve-mahkeme-kararini-acikladi","status":"publish","type":"post","link":"https:\/\/www.abchukuk.com\/index.php\/2025\/08\/28\/67-yillik-firmadan-konkordato-basvurusu-ve-mahkeme-kararini-acikladi\/","title":{"rendered":"67 y\u0131ll\u0131k firmadan konkordato ba\u015fvurusu! Ve mahkeme karar\u0131n\u0131 a\u00e7\u0131klad\u0131"},"content":{"rendered":"<p>Mali y\u00f6nden dar bo\u011faza d\u00fc\u015fen firmalar konkordato ba\u015fvurusunda bulunmay\u0131 s\u00fcrd\u00fcr\u00fcyor. Son d\u00f6nemde konkordato haberleri artarken bu kez 67 y\u0131ll\u0131k bir firma mahkemeye ba\u015fvurdu. Mahkeme, tar\u0131m sekt\u00f6r\u00fcnde faaliyet g\u00f6steren Emniyet Sanayi Ziraat Aletler firmas\u0131 hakk\u0131nda 3 ay s\u00fcreyle konkordato ge\u00e7ici m\u00fchlet karar\u0131 verdi.Mali y\u00f6nden dar bo\u011faza d\u00fc\u015fen firmalar konkordato ba\u015fvurusunda bulunmay\u0131 s\u00fcrd\u00fcr\u00fcyor. Son d\u00f6nemde konkordato haberleri artarken bu kez 67 y\u0131ll\u0131k bir firma mahkemeye ba\u015fvurdu. Mahkeme, tar\u0131m sekt\u00f6r\u00fcnde faaliyet g\u00f6steren Emniyet Sanayi Ziraat Aletler firmas\u0131 hakk\u0131nda 3 ay s\u00fcreyle konkordato ge\u00e7ici m\u00fchlet karar\u0131 verdi.\u00a0<a href=\"https:\/\/www.dunya.com\/ekonomi\/67-yillik-firmadan-konkordato-basvurusu-ve-mahkeme-kararini-acikladi-haberi-791625\" target=\"_blank\" class=\"feedzy-rss-link-icon\">Read More<\/a><\/p>","protected":false},"excerpt":{"rendered":"<p>Mali y\u00f6nden dar bo\u011faza d\u00fc\u015fen firmalar konkordato ba\u015fvurusunda bulunmay\u0131 s\u00fcrd\u00fcr\u00fcyor. Son d\u00f6nemde konkordato haberleri artarken bu kez 67 y\u0131ll\u0131k bir firma mahkemeye ba\u015fvurdu. Mahkeme, tar\u0131m sekt\u00f6r\u00fcnde faaliyet g\u00f6steren Emniyet Sanayi Ziraat Aletler firmas\u0131 hakk\u0131nda 3 ay s\u00fcreyle konkordato ge\u00e7ici m\u00fchlet karar\u0131 verdi.Mali y\u00f6nden dar bo\u011faza d\u00fc\u015fen firmalar konkordato ba\u015fvurusunda bulunmay\u0131 s\u00fcrd\u00fcr\u00fcyor. Son d\u00f6nemde konkordato haberleri [&hellip;]<\/p>\n","protected":false},"author":1,"featured_media":2727,"comment_status":"open","ping_status":"open","sticky":false,"template":"","format":"standard","meta":{"footnotes":"","_links_to":"","_links_to_target":""},"categories":[1],"tags":[],"class_list":["post-2726","post","type-post","status-publish","format-standard","has-post-thumbnail","hentry","category-haberler"],"_links":{"self":[{"href":"https:\/\/www.abchukuk.com\/index.php\/wp-json\/wp\/v2\/posts\/2726","targetHints":{"allow":["GET"]}}],"collection":[{"href":"https:\/\/www.abchukuk.com\/index.php\/wp-json\/wp\/v2\/posts"}],"about":[{"href":"https:\/\/www.abchukuk.com\/index.php\/wp-json\/wp\/v2\/types\/post"}],"author":[{"embeddable":true,"href":"https:\/\/www.abchukuk.com\/index.php\/wp-json\/wp\/v2\/users\/1"}],"replies":[{"embeddable":true,"href":"https:\/\/www.abchukuk.com\/index.php\/wp-json\/wp\/v2\/comments?post=2726"}],"version-history":[{"count":0,"href":"https:\/\/www.abchukuk.com\/index.php\/wp-json\/wp\/v2\/posts\/2726\/revisions"}],"wp:featuredmedia":[{"embeddable":true,"href":"https:\/\/www.abchukuk.com\/index.php\/wp-json\/wp\/v2\/media\/2727"}],"wp:attachment":[{"href":"https:\/\/www.abchukuk.com\/index.php\/wp-json\/wp\/v2\/media?parent=2726"}],"wp:term":[{"taxonomy":"category","embeddable":true,"href":"https:\/\/www.abchukuk.com\/index.php\/wp-json\/wp\/v2\/categories?post=2726"},{"taxonomy":"post_tag","embeddable":true,"href":"https:\/\/www.abchukuk.com\/index.php\/wp-json\/wp\/v2\/tags?post=2726"}],"curies":[{"name":"wp","href":"https:\/\/api.w.org\/{rel}","templated":true}]}}