{"id":27197,"date":"2026-04-22T20:06:30","date_gmt":"2026-04-22T20:06:30","guid":{"rendered":"https:\/\/www.abchukuk.com\/index.php\/2026\/04\/22\/manavgat-belediyesi-sorusturmasinda-5-tutuklama\/"},"modified":"2026-04-22T20:06:30","modified_gmt":"2026-04-22T20:06:30","slug":"manavgat-belediyesi-sorusturmasinda-5-tutuklama","status":"publish","type":"post","link":"https:\/\/www.abchukuk.com\/index.php\/2026\/04\/22\/manavgat-belediyesi-sorusturmasinda-5-tutuklama\/","title":{"rendered":"Manavgat Belediyesi soru\u015fturmas\u0131nda 5 tutuklama"},"content":{"rendered":"<p>Antalya&#8217;da tutuklu eski Manavgat Belediye Ba\u015fkan\u0131 \u015e\u00fckr\u00fc S\u00f6zen d\u00f6nemine ili\u015fkin y\u00fcr\u00fct\u00fclen soru\u015fturma kapsam\u0131nda g\u00f6zalt\u0131na al\u0131nan 21 \u015f\u00fcpheliden 5\u2019i tutukland\u0131, 2 \u015f\u00fcpheliye ev hapsi verildi. B\u00f6ylece soru\u015fturma kapsam\u0131nda tutuklu say\u0131s\u0131 16\u2019ya y\u00fckseldi.Antalya&#8217;da tutuklu eski Manavgat Belediye Ba\u015fkan\u0131 \u015e\u00fckr\u00fc S\u00f6zen d\u00f6nemine ili\u015fkin y\u00fcr\u00fct\u00fclen soru\u015fturma kapsam\u0131nda g\u00f6zalt\u0131na al\u0131nan 21 \u015f\u00fcpheliden 5\u2019i tutukland\u0131, 2 \u015f\u00fcpheliye ev hapsi verildi. B\u00f6ylece soru\u015fturma kapsam\u0131nda tutuklu say\u0131s\u0131 16\u2019ya y\u00fckseldi.\u00a0<a href=\"https:\/\/www.haberturk.com\/manavgat-belediyesi-sorusturmasinda-5-tutuklama-3879497\" target=\"_blank\" class=\"feedzy-rss-link-icon\">Read More<\/a><\/p>","protected":false},"excerpt":{"rendered":"<p>Antalya&#8217;da tutuklu eski Manavgat Belediye Ba\u015fkan\u0131 \u015e\u00fckr\u00fc S\u00f6zen d\u00f6nemine ili\u015fkin y\u00fcr\u00fct\u00fclen soru\u015fturma kapsam\u0131nda g\u00f6zalt\u0131na al\u0131nan 21 \u015f\u00fcpheliden 5\u2019i tutukland\u0131, 2 \u015f\u00fcpheliye ev hapsi verildi. B\u00f6ylece soru\u015fturma kapsam\u0131nda tutuklu say\u0131s\u0131 16\u2019ya y\u00fckseldi.Antalya&#8217;da tutuklu eski Manavgat Belediye Ba\u015fkan\u0131 \u015e\u00fckr\u00fc S\u00f6zen d\u00f6nemine ili\u015fkin y\u00fcr\u00fct\u00fclen soru\u015fturma kapsam\u0131nda g\u00f6zalt\u0131na al\u0131nan 21 \u015f\u00fcpheliden 5\u2019i tutukland\u0131, 2 \u015f\u00fcpheliye ev hapsi verildi. B\u00f6ylece [&hellip;]<\/p>\n","protected":false},"author":1,"featured_media":0,"comment_status":"open","ping_status":"open","sticky":false,"template":"","format":"standard","meta":{"footnotes":"","_links_to":"","_links_to_target":""},"categories":[1],"tags":[],"class_list":["post-27197","post","type-post","status-publish","format-standard","hentry","category-haberler"],"_links":{"self":[{"href":"https:\/\/www.abchukuk.com\/index.php\/wp-json\/wp\/v2\/posts\/27197","targetHints":{"allow":["GET"]}}],"collection":[{"href":"https:\/\/www.abchukuk.com\/index.php\/wp-json\/wp\/v2\/posts"}],"about":[{"href":"https:\/\/www.abchukuk.com\/index.php\/wp-json\/wp\/v2\/types\/post"}],"author":[{"embeddable":true,"href":"https:\/\/www.abchukuk.com\/index.php\/wp-json\/wp\/v2\/users\/1"}],"replies":[{"embeddable":true,"href":"https:\/\/www.abchukuk.com\/index.php\/wp-json\/wp\/v2\/comments?post=27197"}],"version-history":[{"count":0,"href":"https:\/\/www.abchukuk.com\/index.php\/wp-json\/wp\/v2\/posts\/27197\/revisions"}],"wp:attachment":[{"href":"https:\/\/www.abchukuk.com\/index.php\/wp-json\/wp\/v2\/media?parent=27197"}],"wp:term":[{"taxonomy":"category","embeddable":true,"href":"https:\/\/www.abchukuk.com\/index.php\/wp-json\/wp\/v2\/categories?post=27197"},{"taxonomy":"post_tag","embeddable":true,"href":"https:\/\/www.abchukuk.com\/index.php\/wp-json\/wp\/v2\/tags?post=27197"}],"curies":[{"name":"wp","href":"https:\/\/api.w.org\/{rel}","templated":true}]}}