{"id":2716,"date":"2025-08-28T04:31:00","date_gmt":"2025-08-28T04:31:00","guid":{"rendered":"http:\/\/www.lopsssdoner.com\/index.php\/2025\/08\/28\/hal-kanununda-yeni-donem-marketlere-dogrudan-alim-zorunlulugu-geliyor\/"},"modified":"2025-08-28T04:31:00","modified_gmt":"2025-08-28T04:31:00","slug":"hal-kanununda-yeni-donem-marketlere-dogrudan-alim-zorunlulugu-geliyor","status":"publish","type":"post","link":"https:\/\/www.abchukuk.com\/index.php\/2025\/08\/28\/hal-kanununda-yeni-donem-marketlere-dogrudan-alim-zorunlulugu-geliyor\/","title":{"rendered":"Hal Kanunu\u2019nda yeni d\u00f6nem: Marketlere do\u011frudan al\u0131m zorunlulu\u011fu geliyor"},"content":{"rendered":"<p>Ticaret Bakanl\u0131\u011f\u0131, sebze ve meyve fiyatlar\u0131nda \u00fcretici ile t\u00fcketici aras\u0131ndaki fark\u0131 azaltmay\u0131 ama\u00e7layan Hal Kanunu tasla\u011f\u0131n\u0131 kamuoyu g\u00f6r\u00fc\u015f\u00fcne a\u00e7t\u0131. Taslak, \u00fcretici \u00f6rg\u00fctlerine bedelsiz yer tahsisini \u00f6ng\u00f6r\u00fcrken, marketlerin sebze ve meyvelerin belirli bir b\u00f6l\u00fcm\u00fcn\u00fc do\u011frudan \u00fcreticiden almas\u0131n\u0131 zorunlu k\u0131l\u0131yor.Ticaret Bakanl\u0131\u011f\u0131, sebze ve meyve fiyatlar\u0131nda \u00fcretici ile t\u00fcketici aras\u0131ndaki fark\u0131 azaltmay\u0131 ama\u00e7layan Hal Kanunu tasla\u011f\u0131n\u0131 kamuoyu g\u00f6r\u00fc\u015f\u00fcne a\u00e7t\u0131. Taslak, \u00fcretici \u00f6rg\u00fctlerine bedelsiz yer tahsisini \u00f6ng\u00f6r\u00fcrken, marketlerin sebze ve meyvelerin belirli bir b\u00f6l\u00fcm\u00fcn\u00fc do\u011frudan \u00fcreticiden almas\u0131n\u0131 zorunlu k\u0131l\u0131yor.\u00a0<a href=\"https:\/\/www.dunya.com\/ekonomi\/hal-kanununda-yeni-donem-marketlere-dogrudan-alim-zorunlulugu-geliyor-haberi-791573\" target=\"_blank\" class=\"feedzy-rss-link-icon\">Read More<\/a><\/p>","protected":false},"excerpt":{"rendered":"<p>Ticaret Bakanl\u0131\u011f\u0131, sebze ve meyve fiyatlar\u0131nda \u00fcretici ile t\u00fcketici aras\u0131ndaki fark\u0131 azaltmay\u0131 ama\u00e7layan Hal Kanunu tasla\u011f\u0131n\u0131 kamuoyu g\u00f6r\u00fc\u015f\u00fcne a\u00e7t\u0131. Taslak, \u00fcretici \u00f6rg\u00fctlerine bedelsiz yer tahsisini \u00f6ng\u00f6r\u00fcrken, marketlerin sebze ve meyvelerin belirli bir b\u00f6l\u00fcm\u00fcn\u00fc do\u011frudan \u00fcreticiden almas\u0131n\u0131 zorunlu k\u0131l\u0131yor.Ticaret Bakanl\u0131\u011f\u0131, sebze ve meyve fiyatlar\u0131nda \u00fcretici ile t\u00fcketici aras\u0131ndaki fark\u0131 azaltmay\u0131 ama\u00e7layan Hal Kanunu tasla\u011f\u0131n\u0131 kamuoyu g\u00f6r\u00fc\u015f\u00fcne [&hellip;]<\/p>\n","protected":false},"author":1,"featured_media":2717,"comment_status":"open","ping_status":"open","sticky":false,"template":"","format":"standard","meta":{"footnotes":"","_links_to":"","_links_to_target":""},"categories":[1],"tags":[],"class_list":["post-2716","post","type-post","status-publish","format-standard","has-post-thumbnail","hentry","category-haberler"],"_links":{"self":[{"href":"https:\/\/www.abchukuk.com\/index.php\/wp-json\/wp\/v2\/posts\/2716","targetHints":{"allow":["GET"]}}],"collection":[{"href":"https:\/\/www.abchukuk.com\/index.php\/wp-json\/wp\/v2\/posts"}],"about":[{"href":"https:\/\/www.abchukuk.com\/index.php\/wp-json\/wp\/v2\/types\/post"}],"author":[{"embeddable":true,"href":"https:\/\/www.abchukuk.com\/index.php\/wp-json\/wp\/v2\/users\/1"}],"replies":[{"embeddable":true,"href":"https:\/\/www.abchukuk.com\/index.php\/wp-json\/wp\/v2\/comments?post=2716"}],"version-history":[{"count":0,"href":"https:\/\/www.abchukuk.com\/index.php\/wp-json\/wp\/v2\/posts\/2716\/revisions"}],"wp:featuredmedia":[{"embeddable":true,"href":"https:\/\/www.abchukuk.com\/index.php\/wp-json\/wp\/v2\/media\/2717"}],"wp:attachment":[{"href":"https:\/\/www.abchukuk.com\/index.php\/wp-json\/wp\/v2\/media?parent=2716"}],"wp:term":[{"taxonomy":"category","embeddable":true,"href":"https:\/\/www.abchukuk.com\/index.php\/wp-json\/wp\/v2\/categories?post=2716"},{"taxonomy":"post_tag","embeddable":true,"href":"https:\/\/www.abchukuk.com\/index.php\/wp-json\/wp\/v2\/tags?post=2716"}],"curies":[{"name":"wp","href":"https:\/\/api.w.org\/{rel}","templated":true}]}}