{"id":2714,"date":"2025-08-28T05:38:00","date_gmt":"2025-08-28T05:38:00","guid":{"rendered":"http:\/\/www.lopsssdoner.com\/index.php\/2025\/08\/28\/adalet-bakani-yilmaz-tunctan-ozgur-ozele-yanit-onunde-iki-secenek-var\/"},"modified":"2025-08-28T05:38:00","modified_gmt":"2025-08-28T05:38:00","slug":"adalet-bakani-yilmaz-tunctan-ozgur-ozele-yanit-onunde-iki-secenek-var","status":"publish","type":"post","link":"https:\/\/www.abchukuk.com\/index.php\/2025\/08\/28\/adalet-bakani-yilmaz-tunctan-ozgur-ozele-yanit-onunde-iki-secenek-var\/","title":{"rendered":"Adalet Bakan\u0131 Y\u0131lmaz Tun\u00e7&#8217;tan \u00d6zg\u00fcr \u00d6zel&#8217;e Yan\u0131t: &#8216;\u00d6n\u00fcnde \u0130ki Se\u00e7enek Var&#8230;&#8217;"},"content":{"rendered":"<p><a href=\"https:\/\/www.gercekgundem.com\/siyaset\/adalet-bakani-yilmaz-tunctan-ozgur-ozele-yanit-onunde-iki-secenek-var-553028\"><br \/>\n                                                            <img decoding=\"async\" src=\"https:\/\/i.gercekgundem.com\/2\/150\/84\/storage\/files\/images\/2025\/08\/28\/adalet-bakani-yilmaz-tunctan-ozgur-ozele-yanit-onunde-iki-secenek-var-n9bk.jpg\" width=\"150\" height=\"84\" border=\"0\" align=\"right\" \/><br \/>\n                                                    <\/a><\/p>\n<h4>Adalet Bakan\u0131 Y\u0131lmaz Tun\u00e7, CHP lideri \u00d6zg\u00fcr \u00d6zel\u2019in a\u00e7\u0131klamalar\u0131na sosyal medya \u00fczerinden sert yan\u0131t verdi. &#8220;\u00d6zg\u00fcr \u00d6zel\u2019in \u00f6n\u00fcnde iki se\u00e7enek var&#8221; diyen Bakan Tun\u00e7, &#8220;\u0130plerinden kurtulup ger\u00e7ekten \u2018\u00f6zg\u00fcr\u2019 olmay\u0131 se\u00e7mek mi? Yoksa kukla olarak birilerinin \u2018\u00f6zel\u2019 ajandas\u0131n\u0131n hizmetinde, yarg\u0131 mensuplar\u0131na sald\u0131rmaya devam etmek mi?&#8221; ifadelerini kulland\u0131.<\/h4>\n<p>Adalet Bakan\u0131 Y\u0131lmaz Tun\u00e7, CHP lideri \u00d6zg\u00fcr \u00d6zel\u2019in a\u00e7\u0131klamalar\u0131na sosyal medya \u00fczerinden sert yan\u0131t verdi. &#8220;\u00d6zg\u00fcr \u00d6zel\u2019in \u00f6n\u00fcnde iki se\u00e7enek var&#8221; diyen Bakan Tun\u00e7, &#8220;\u0130plerinden kurtulup ger\u00e7ekten \u2018\u00f6zg\u00fcr\u2019 olmay\u0131 se\u00e7mek mi? Yoksa kukla olarak birilerinin \u2018\u00f6zel\u2019 ajandas\u0131n\u0131n hizmetinde, yarg\u0131 mensuplar\u0131na sald\u0131rmaya devam etmek mi?&#8221; ifadelerini kulland\u0131.\u00a0<a href=\"https:\/\/www.gercekgundem.com\/siyaset\/adalet-bakani-yilmaz-tunctan-ozgur-ozele-yanit-onunde-iki-secenek-var-553028\" target=\"_blank\" class=\"feedzy-rss-link-icon\">Read More<\/a><\/p>","protected":false},"excerpt":{"rendered":"<p>Adalet Bakan\u0131 Y\u0131lmaz Tun\u00e7, CHP lideri \u00d6zg\u00fcr \u00d6zel\u2019in a\u00e7\u0131klamalar\u0131na sosyal medya \u00fczerinden sert yan\u0131t verdi. &#8220;\u00d6zg\u00fcr \u00d6zel\u2019in \u00f6n\u00fcnde iki se\u00e7enek var&#8221; diyen Bakan Tun\u00e7, &#8220;\u0130plerinden kurtulup ger\u00e7ekten \u2018\u00f6zg\u00fcr\u2019 olmay\u0131 se\u00e7mek mi? Yoksa kukla olarak birilerinin \u2018\u00f6zel\u2019 ajandas\u0131n\u0131n hizmetinde, yarg\u0131 mensuplar\u0131na sald\u0131rmaya devam etmek mi?&#8221; ifadelerini kulland\u0131. Adalet Bakan\u0131 Y\u0131lmaz Tun\u00e7, CHP lideri \u00d6zg\u00fcr \u00d6zel\u2019in a\u00e7\u0131klamalar\u0131na [&hellip;]<\/p>\n","protected":false},"author":1,"featured_media":2715,"comment_status":"open","ping_status":"open","sticky":false,"template":"","format":"standard","meta":{"footnotes":"","_links_to":"","_links_to_target":""},"categories":[1],"tags":[],"class_list":["post-2714","post","type-post","status-publish","format-standard","has-post-thumbnail","hentry","category-haberler"],"_links":{"self":[{"href":"https:\/\/www.abchukuk.com\/index.php\/wp-json\/wp\/v2\/posts\/2714","targetHints":{"allow":["GET"]}}],"collection":[{"href":"https:\/\/www.abchukuk.com\/index.php\/wp-json\/wp\/v2\/posts"}],"about":[{"href":"https:\/\/www.abchukuk.com\/index.php\/wp-json\/wp\/v2\/types\/post"}],"author":[{"embeddable":true,"href":"https:\/\/www.abchukuk.com\/index.php\/wp-json\/wp\/v2\/users\/1"}],"replies":[{"embeddable":true,"href":"https:\/\/www.abchukuk.com\/index.php\/wp-json\/wp\/v2\/comments?post=2714"}],"version-history":[{"count":0,"href":"https:\/\/www.abchukuk.com\/index.php\/wp-json\/wp\/v2\/posts\/2714\/revisions"}],"wp:featuredmedia":[{"embeddable":true,"href":"https:\/\/www.abchukuk.com\/index.php\/wp-json\/wp\/v2\/media\/2715"}],"wp:attachment":[{"href":"https:\/\/www.abchukuk.com\/index.php\/wp-json\/wp\/v2\/media?parent=2714"}],"wp:term":[{"taxonomy":"category","embeddable":true,"href":"https:\/\/www.abchukuk.com\/index.php\/wp-json\/wp\/v2\/categories?post=2714"},{"taxonomy":"post_tag","embeddable":true,"href":"https:\/\/www.abchukuk.com\/index.php\/wp-json\/wp\/v2\/tags?post=2714"}],"curies":[{"name":"wp","href":"https:\/\/api.w.org\/{rel}","templated":true}]}}