{"id":2712,"date":"2025-08-28T06:14:00","date_gmt":"2025-08-28T06:14:00","guid":{"rendered":"http:\/\/www.lopsssdoner.com\/index.php\/2025\/08\/28\/adalet-bakanligi-banka-promosyon-anlasmasi-ne-zaman-aciklanacak-adalet-bakanligi-banka-promosyon-anlasmasi-ne-kadar\/"},"modified":"2025-08-28T06:14:00","modified_gmt":"2025-08-28T06:14:00","slug":"adalet-bakanligi-banka-promosyon-anlasmasi-ne-zaman-aciklanacak-adalet-bakanligi-banka-promosyon-anlasmasi-ne-kadar","status":"publish","type":"post","link":"https:\/\/www.abchukuk.com\/index.php\/2025\/08\/28\/adalet-bakanligi-banka-promosyon-anlasmasi-ne-zaman-aciklanacak-adalet-bakanligi-banka-promosyon-anlasmasi-ne-kadar\/","title":{"rendered":"Adalet Bakanl\u0131\u011f\u0131 banka promosyon anla\u015fmas\u0131 ne zaman a\u00e7\u0131klanacak? Adalet Bakanl\u0131\u011f\u0131 banka promosyon anla\u015fmas\u0131 ne kadar?"},"content":{"rendered":"<p>Adalet Bakanl\u0131\u011f\u0131 \u00e7al\u0131\u015fanlar\u0131n\u0131n g\u00f6z\u00fc ihale anla\u015fmas\u0131n\u0131n yap\u0131laca\u011f\u0131 tarihe \u00e7evrildi. Peki, Adalet Bakanl\u0131\u011f\u0131 banka promosyon anla\u015fmas\u0131 ne zaman a\u00e7\u0131klanacak? dalet Bakanl\u0131\u011f\u0131 banka promosyon anla\u015fmas\u0131 ne kadar?Adalet Bakanl\u0131\u011f\u0131 \u00e7al\u0131\u015fanlar\u0131n\u0131n g\u00f6z\u00fc ihale anla\u015fmas\u0131n\u0131n yap\u0131laca\u011f\u0131 tarihe \u00e7evrildi. Peki, Adalet Bakanl\u0131\u011f\u0131 banka promosyon anla\u015fmas\u0131 ne zaman a\u00e7\u0131klanacak? dalet Bakanl\u0131\u011f\u0131 banka promosyon anla\u015fmas\u0131 ne kadar?\u00a0<a href=\"https:\/\/www.cumhuriyet.com.tr\/turkiye\/adalet-bakanligi-banka-promosyon-anlasmasi-ne-zaman-aciklanacak-adalet-bakanligi-banka-promosyon-anlasmasi-ne-kadar-2430067\" target=\"_blank\" class=\"feedzy-rss-link-icon\">Read More<\/a><\/p>","protected":false},"excerpt":{"rendered":"<p>Adalet Bakanl\u0131\u011f\u0131 \u00e7al\u0131\u015fanlar\u0131n\u0131n g\u00f6z\u00fc ihale anla\u015fmas\u0131n\u0131n yap\u0131laca\u011f\u0131 tarihe \u00e7evrildi. Peki, Adalet Bakanl\u0131\u011f\u0131 banka promosyon anla\u015fmas\u0131 ne zaman a\u00e7\u0131klanacak? dalet Bakanl\u0131\u011f\u0131 banka promosyon anla\u015fmas\u0131 ne kadar?Adalet Bakanl\u0131\u011f\u0131 \u00e7al\u0131\u015fanlar\u0131n\u0131n g\u00f6z\u00fc ihale anla\u015fmas\u0131n\u0131n yap\u0131laca\u011f\u0131 tarihe \u00e7evrildi. Peki, Adalet Bakanl\u0131\u011f\u0131 banka promosyon anla\u015fmas\u0131 ne zaman a\u00e7\u0131klanacak? dalet Bakanl\u0131\u011f\u0131 banka promosyon anla\u015fmas\u0131 ne kadar?\u00a0Read More<\/p>\n","protected":false},"author":1,"featured_media":2713,"comment_status":"open","ping_status":"open","sticky":false,"template":"","format":"standard","meta":{"footnotes":"","_links_to":"","_links_to_target":""},"categories":[1],"tags":[],"class_list":["post-2712","post","type-post","status-publish","format-standard","has-post-thumbnail","hentry","category-haberler"],"_links":{"self":[{"href":"https:\/\/www.abchukuk.com\/index.php\/wp-json\/wp\/v2\/posts\/2712","targetHints":{"allow":["GET"]}}],"collection":[{"href":"https:\/\/www.abchukuk.com\/index.php\/wp-json\/wp\/v2\/posts"}],"about":[{"href":"https:\/\/www.abchukuk.com\/index.php\/wp-json\/wp\/v2\/types\/post"}],"author":[{"embeddable":true,"href":"https:\/\/www.abchukuk.com\/index.php\/wp-json\/wp\/v2\/users\/1"}],"replies":[{"embeddable":true,"href":"https:\/\/www.abchukuk.com\/index.php\/wp-json\/wp\/v2\/comments?post=2712"}],"version-history":[{"count":0,"href":"https:\/\/www.abchukuk.com\/index.php\/wp-json\/wp\/v2\/posts\/2712\/revisions"}],"wp:featuredmedia":[{"embeddable":true,"href":"https:\/\/www.abchukuk.com\/index.php\/wp-json\/wp\/v2\/media\/2713"}],"wp:attachment":[{"href":"https:\/\/www.abchukuk.com\/index.php\/wp-json\/wp\/v2\/media?parent=2712"}],"wp:term":[{"taxonomy":"category","embeddable":true,"href":"https:\/\/www.abchukuk.com\/index.php\/wp-json\/wp\/v2\/categories?post=2712"},{"taxonomy":"post_tag","embeddable":true,"href":"https:\/\/www.abchukuk.com\/index.php\/wp-json\/wp\/v2\/tags?post=2712"}],"curies":[{"name":"wp","href":"https:\/\/api.w.org\/{rel}","templated":true}]}}