{"id":2708,"date":"2025-08-28T01:00:00","date_gmt":"2025-08-28T01:00:00","guid":{"rendered":"http:\/\/www.lopsssdoner.com\/index.php\/2025\/08\/28\/valiligin-engellemelerine-karsin-onbinler-adalet-icin-beyoglunda-bulustu-millet-kazanacak\/"},"modified":"2025-08-28T01:00:00","modified_gmt":"2025-08-28T01:00:00","slug":"valiligin-engellemelerine-karsin-onbinler-adalet-icin-beyoglunda-bulustu-millet-kazanacak","status":"publish","type":"post","link":"https:\/\/www.abchukuk.com\/index.php\/2025\/08\/28\/valiligin-engellemelerine-karsin-onbinler-adalet-icin-beyoglunda-bulustu-millet-kazanacak\/","title":{"rendered":"Valili\u011fin engellemelerine kar\u015f\u0131n onbinler adalet i\u00e7in Beyo\u011flu\u2019nda bulu\u015ftu: Millet kazanacak"},"content":{"rendered":"<p>CHP, tutuklu \u0130BB Ba\u015fkan\u0131 Ekrem \u0130mamo\u011flu ve yol arkada\u015flar\u0131 i\u00e7in 50. adalet mitingini \u015ei\u015fhane Meydan\u0131\u2019nda d\u00fczenledi. Onbinlerce ki\u015fi \u00f6zg\u00fcrl\u00fck talebiyle bir araya gelirken, tutuklu \u0130nan G\u00fcney\u2019in k\u0131z\u0131 da babas\u0131na deste\u011fini dile getirdi.CHP, tutuklu \u0130BB Ba\u015fkan\u0131 Ekrem \u0130mamo\u011flu ve yol arkada\u015flar\u0131 i\u00e7in 50. adalet mitingini \u015ei\u015fhane Meydan\u0131\u2019nda d\u00fczenledi. Onbinlerce ki\u015fi \u00f6zg\u00fcrl\u00fck talebiyle bir araya gelirken, tutuklu \u0130nan G\u00fcney\u2019in k\u0131z\u0131 da babas\u0131na deste\u011fini dile getirdi.\u00a0<a href=\"https:\/\/www.cumhuriyet.com.tr\/siyaset\/valiligin-engellemelerine-karsin-onbinler-adalet-icin-beyoglu-nda-bulustu-millet-kazanacak-2430032\" target=\"_blank\" class=\"feedzy-rss-link-icon\">Read More<\/a><\/p>","protected":false},"excerpt":{"rendered":"<p>CHP, tutuklu \u0130BB Ba\u015fkan\u0131 Ekrem \u0130mamo\u011flu ve yol arkada\u015flar\u0131 i\u00e7in 50. adalet mitingini \u015ei\u015fhane Meydan\u0131\u2019nda d\u00fczenledi. Onbinlerce ki\u015fi \u00f6zg\u00fcrl\u00fck talebiyle bir araya gelirken, tutuklu \u0130nan G\u00fcney\u2019in k\u0131z\u0131 da babas\u0131na deste\u011fini dile getirdi.CHP, tutuklu \u0130BB Ba\u015fkan\u0131 Ekrem \u0130mamo\u011flu ve yol arkada\u015flar\u0131 i\u00e7in 50. adalet mitingini \u015ei\u015fhane Meydan\u0131\u2019nda d\u00fczenledi. Onbinlerce ki\u015fi \u00f6zg\u00fcrl\u00fck talebiyle bir araya gelirken, tutuklu [&hellip;]<\/p>\n","protected":false},"author":1,"featured_media":2709,"comment_status":"open","ping_status":"open","sticky":false,"template":"","format":"standard","meta":{"footnotes":"","_links_to":"","_links_to_target":""},"categories":[1],"tags":[],"class_list":["post-2708","post","type-post","status-publish","format-standard","has-post-thumbnail","hentry","category-haberler"],"_links":{"self":[{"href":"https:\/\/www.abchukuk.com\/index.php\/wp-json\/wp\/v2\/posts\/2708","targetHints":{"allow":["GET"]}}],"collection":[{"href":"https:\/\/www.abchukuk.com\/index.php\/wp-json\/wp\/v2\/posts"}],"about":[{"href":"https:\/\/www.abchukuk.com\/index.php\/wp-json\/wp\/v2\/types\/post"}],"author":[{"embeddable":true,"href":"https:\/\/www.abchukuk.com\/index.php\/wp-json\/wp\/v2\/users\/1"}],"replies":[{"embeddable":true,"href":"https:\/\/www.abchukuk.com\/index.php\/wp-json\/wp\/v2\/comments?post=2708"}],"version-history":[{"count":0,"href":"https:\/\/www.abchukuk.com\/index.php\/wp-json\/wp\/v2\/posts\/2708\/revisions"}],"wp:featuredmedia":[{"embeddable":true,"href":"https:\/\/www.abchukuk.com\/index.php\/wp-json\/wp\/v2\/media\/2709"}],"wp:attachment":[{"href":"https:\/\/www.abchukuk.com\/index.php\/wp-json\/wp\/v2\/media?parent=2708"}],"wp:term":[{"taxonomy":"category","embeddable":true,"href":"https:\/\/www.abchukuk.com\/index.php\/wp-json\/wp\/v2\/categories?post=2708"},{"taxonomy":"post_tag","embeddable":true,"href":"https:\/\/www.abchukuk.com\/index.php\/wp-json\/wp\/v2\/tags?post=2708"}],"curies":[{"name":"wp","href":"https:\/\/api.w.org\/{rel}","templated":true}]}}