{"id":2706,"date":"2025-08-28T01:00:00","date_gmt":"2025-08-28T01:00:00","guid":{"rendered":"http:\/\/www.lopsssdoner.com\/index.php\/2025\/08\/28\/cezaevlerinde-hasta-tutuklularin-yasam-hakki-siyasete-teslim-edildi-olume-terk-edildiler\/"},"modified":"2025-08-28T01:00:00","modified_gmt":"2025-08-28T01:00:00","slug":"cezaevlerinde-hasta-tutuklularin-yasam-hakki-siyasete-teslim-edildi-olume-terk-edildiler","status":"publish","type":"post","link":"https:\/\/www.abchukuk.com\/index.php\/2025\/08\/28\/cezaevlerinde-hasta-tutuklularin-yasam-hakki-siyasete-teslim-edildi-olume-terk-edildiler\/","title":{"rendered":"Cezaevlerinde hasta tutuklular\u0131n ya\u015fam hakk\u0131 siyasete teslim edildi: \u00d6l\u00fcme terk edildiler"},"content":{"rendered":"<p>Ergenekon ve Balyoz davalar\u0131 s\u00fcrecinde a\u011f\u0131r hastal\u0131klar\u0131 olan tutuklular, cezaevlerinde yeterli sa\u011fl\u0131k hizmeti alamayarak ya\u015famlar\u0131n\u0131 yitirdi. Bug\u00fcn Ay\u015fe Bar\u0131m, Murat \u00c7al\u0131k, Kalender \u00d6zdemir ve Muhittin B\u00f6cek benzer bir tehdit alt\u0131nda cezaevinde ya\u015fam m\u00fccadelesi veriyor.Ergenekon ve Balyoz davalar\u0131 s\u00fcrecinde a\u011f\u0131r hastal\u0131klar\u0131 olan tutuklular, cezaevlerinde yeterli sa\u011fl\u0131k hizmeti alamayarak ya\u015famlar\u0131n\u0131 yitirdi. Bug\u00fcn Ay\u015fe Bar\u0131m, Murat \u00c7al\u0131k, Kalender \u00d6zdemir ve Muhittin B\u00f6cek benzer bir tehdit alt\u0131nda cezaevinde ya\u015fam m\u00fccadelesi veriyor.\u00a0<a href=\"https:\/\/www.cumhuriyet.com.tr\/turkiye\/cezaevlerinde-hasta-tutuklularin-yasam-hakki-siyasete-teslim-edildi-olume-terk-edildiler-2430031\" target=\"_blank\" class=\"feedzy-rss-link-icon\">Read More<\/a><\/p>","protected":false},"excerpt":{"rendered":"<p>Ergenekon ve Balyoz davalar\u0131 s\u00fcrecinde a\u011f\u0131r hastal\u0131klar\u0131 olan tutuklular, cezaevlerinde yeterli sa\u011fl\u0131k hizmeti alamayarak ya\u015famlar\u0131n\u0131 yitirdi. Bug\u00fcn Ay\u015fe Bar\u0131m, Murat \u00c7al\u0131k, Kalender \u00d6zdemir ve Muhittin B\u00f6cek benzer bir tehdit alt\u0131nda cezaevinde ya\u015fam m\u00fccadelesi veriyor.Ergenekon ve Balyoz davalar\u0131 s\u00fcrecinde a\u011f\u0131r hastal\u0131klar\u0131 olan tutuklular, cezaevlerinde yeterli sa\u011fl\u0131k hizmeti alamayarak ya\u015famlar\u0131n\u0131 yitirdi. Bug\u00fcn Ay\u015fe Bar\u0131m, Murat \u00c7al\u0131k, Kalender [&hellip;]<\/p>\n","protected":false},"author":1,"featured_media":2707,"comment_status":"open","ping_status":"open","sticky":false,"template":"","format":"standard","meta":{"footnotes":"","_links_to":"","_links_to_target":""},"categories":[1],"tags":[],"class_list":["post-2706","post","type-post","status-publish","format-standard","has-post-thumbnail","hentry","category-haberler"],"_links":{"self":[{"href":"https:\/\/www.abchukuk.com\/index.php\/wp-json\/wp\/v2\/posts\/2706","targetHints":{"allow":["GET"]}}],"collection":[{"href":"https:\/\/www.abchukuk.com\/index.php\/wp-json\/wp\/v2\/posts"}],"about":[{"href":"https:\/\/www.abchukuk.com\/index.php\/wp-json\/wp\/v2\/types\/post"}],"author":[{"embeddable":true,"href":"https:\/\/www.abchukuk.com\/index.php\/wp-json\/wp\/v2\/users\/1"}],"replies":[{"embeddable":true,"href":"https:\/\/www.abchukuk.com\/index.php\/wp-json\/wp\/v2\/comments?post=2706"}],"version-history":[{"count":0,"href":"https:\/\/www.abchukuk.com\/index.php\/wp-json\/wp\/v2\/posts\/2706\/revisions"}],"wp:featuredmedia":[{"embeddable":true,"href":"https:\/\/www.abchukuk.com\/index.php\/wp-json\/wp\/v2\/media\/2707"}],"wp:attachment":[{"href":"https:\/\/www.abchukuk.com\/index.php\/wp-json\/wp\/v2\/media?parent=2706"}],"wp:term":[{"taxonomy":"category","embeddable":true,"href":"https:\/\/www.abchukuk.com\/index.php\/wp-json\/wp\/v2\/categories?post=2706"},{"taxonomy":"post_tag","embeddable":true,"href":"https:\/\/www.abchukuk.com\/index.php\/wp-json\/wp\/v2\/tags?post=2706"}],"curies":[{"name":"wp","href":"https:\/\/api.w.org\/{rel}","templated":true}]}}