{"id":2701,"date":"2025-08-27T15:32:43","date_gmt":"2025-08-27T15:32:43","guid":{"rendered":"http:\/\/www.lopsssdoner.com\/index.php\/2025\/08\/27\/imamoglunun-avukatina-adli-kontrol\/"},"modified":"2025-08-27T15:32:43","modified_gmt":"2025-08-27T15:32:43","slug":"imamoglunun-avukatina-adli-kontrol","status":"publish","type":"post","link":"https:\/\/www.abchukuk.com\/index.php\/2025\/08\/27\/imamoglunun-avukatina-adli-kontrol\/","title":{"rendered":"\u0130mamo\u011flu&#8217;nun avukat\u0131na adli kontrol"},"content":{"rendered":"<p>Ekrem \u0130mamo\u011flu&#8217;nun avukat\u0131 Nusret Y\u0131lmaz, yurt d\u0131\u015f\u0131na \u00e7\u0131k\u0131\u015f yasa\u011f\u0131 ve karakola giderek imza verme \u015feklinde adli kontrol \u015fart\u0131yla serbest b\u0131rak\u0131ld\u0131. Adli kontrol \u015fart\u0131yla serbest b\u0131rak\u0131lan Ekrem \u0130mamo\u011flu&#8217;nun avukat\u0131 Nusret Y\u0131lmaz&#8217;\u0131n savc\u0131l\u0131k ifadesine ula\u015f\u0131ld\u0131.Ekrem \u0130mamo\u011flu&#8217;nun avukat\u0131 Nusret Y\u0131lmaz, yurt d\u0131\u015f\u0131na \u00e7\u0131k\u0131\u015f yasa\u011f\u0131 ve karakola giderek imza verme \u015feklinde adli kontrol \u015fart\u0131yla serbest b\u0131rak\u0131ld\u0131. Adli kontrol \u015fart\u0131yla serbest b\u0131rak\u0131lan Ekrem \u0130mamo\u011flu&#8217;nun avukat\u0131 Nusret Y\u0131lmaz&#8217;\u0131n savc\u0131l\u0131k ifadesine ula\u015f\u0131ld\u0131.\u00a0<a href=\"https:\/\/www.haberturk.com\/son-dakika-imamoglu-nun-avukatina-adli-kontrol-3817957\" target=\"_blank\" class=\"feedzy-rss-link-icon\">Read More<\/a><\/p>","protected":false},"excerpt":{"rendered":"<p>Ekrem \u0130mamo\u011flu&#8217;nun avukat\u0131 Nusret Y\u0131lmaz, yurt d\u0131\u015f\u0131na \u00e7\u0131k\u0131\u015f yasa\u011f\u0131 ve karakola giderek imza verme \u015feklinde adli kontrol \u015fart\u0131yla serbest b\u0131rak\u0131ld\u0131. Adli kontrol \u015fart\u0131yla serbest b\u0131rak\u0131lan Ekrem \u0130mamo\u011flu&#8217;nun avukat\u0131 Nusret Y\u0131lmaz&#8217;\u0131n savc\u0131l\u0131k ifadesine ula\u015f\u0131ld\u0131.Ekrem \u0130mamo\u011flu&#8217;nun avukat\u0131 Nusret Y\u0131lmaz, yurt d\u0131\u015f\u0131na \u00e7\u0131k\u0131\u015f yasa\u011f\u0131 ve karakola giderek imza verme \u015feklinde adli kontrol \u015fart\u0131yla serbest b\u0131rak\u0131ld\u0131. Adli kontrol \u015fart\u0131yla [&hellip;]<\/p>\n","protected":false},"author":1,"featured_media":0,"comment_status":"open","ping_status":"open","sticky":false,"template":"","format":"standard","meta":{"footnotes":"","_links_to":"","_links_to_target":""},"categories":[1],"tags":[],"class_list":["post-2701","post","type-post","status-publish","format-standard","hentry","category-haberler"],"_links":{"self":[{"href":"https:\/\/www.abchukuk.com\/index.php\/wp-json\/wp\/v2\/posts\/2701","targetHints":{"allow":["GET"]}}],"collection":[{"href":"https:\/\/www.abchukuk.com\/index.php\/wp-json\/wp\/v2\/posts"}],"about":[{"href":"https:\/\/www.abchukuk.com\/index.php\/wp-json\/wp\/v2\/types\/post"}],"author":[{"embeddable":true,"href":"https:\/\/www.abchukuk.com\/index.php\/wp-json\/wp\/v2\/users\/1"}],"replies":[{"embeddable":true,"href":"https:\/\/www.abchukuk.com\/index.php\/wp-json\/wp\/v2\/comments?post=2701"}],"version-history":[{"count":0,"href":"https:\/\/www.abchukuk.com\/index.php\/wp-json\/wp\/v2\/posts\/2701\/revisions"}],"wp:attachment":[{"href":"https:\/\/www.abchukuk.com\/index.php\/wp-json\/wp\/v2\/media?parent=2701"}],"wp:term":[{"taxonomy":"category","embeddable":true,"href":"https:\/\/www.abchukuk.com\/index.php\/wp-json\/wp\/v2\/categories?post=2701"},{"taxonomy":"post_tag","embeddable":true,"href":"https:\/\/www.abchukuk.com\/index.php\/wp-json\/wp\/v2\/tags?post=2701"}],"curies":[{"name":"wp","href":"https:\/\/api.w.org\/{rel}","templated":true}]}}