{"id":2700,"date":"2025-08-27T15:46:35","date_gmt":"2025-08-27T15:46:35","guid":{"rendered":"http:\/\/www.lopsssdoner.com\/index.php\/2025\/08\/27\/assan-groupa-gozalti-sonrasi-kayyim\/"},"modified":"2025-08-27T15:46:35","modified_gmt":"2025-08-27T15:46:35","slug":"assan-groupa-gozalti-sonrasi-kayyim","status":"publish","type":"post","link":"https:\/\/www.abchukuk.com\/index.php\/2025\/08\/27\/assan-groupa-gozalti-sonrasi-kayyim\/","title":{"rendered":"ASSAN Group&#8217;a g\u00f6zalt\u0131 sonras\u0131 kayy\u0131m"},"content":{"rendered":"<p>\u00d6zel savunma sanayi \u015firketi ASSAN Group\u2019un sahibi Emin \u00d6ner ve \u015firketin genel m\u00fcd\u00fcr\u00fc G\u00fcrcan Okumu\u015f \u2018FET\u00d6\u2019ye \u00fcye olma\u2019 ve \u2018askeri casusluk\u2019 su\u00e7lamalar\u0131yla g\u00f6zalt\u0131na al\u0131nd\u0131. ASSAN b\u00fcnyesindeki 10 \u015firkete de kayy\u0131m atand\u0131\u00d6zel savunma sanayi \u015firketi ASSAN Group\u2019un sahibi Emin \u00d6ner ve \u015firketin genel m\u00fcd\u00fcr\u00fc G\u00fcrcan Okumu\u015f \u2018FET\u00d6\u2019ye \u00fcye olma\u2019 ve \u2018askeri casusluk\u2019 su\u00e7lamalar\u0131yla g\u00f6zalt\u0131na al\u0131nd\u0131. ASSAN b\u00fcnyesindeki 10 \u015firkete de kayy\u0131m atand\u0131\u00a0<a href=\"https:\/\/www.haberturk.com\/assan-group-a-bagli-10-sirkete-kayyim-atandi-emin-oner-casusluk-tan-gozaltina-alindi-3817984\" target=\"_blank\" class=\"feedzy-rss-link-icon\">Read More<\/a><\/p>","protected":false},"excerpt":{"rendered":"<p>\u00d6zel savunma sanayi \u015firketi ASSAN Group\u2019un sahibi Emin \u00d6ner ve \u015firketin genel m\u00fcd\u00fcr\u00fc G\u00fcrcan Okumu\u015f \u2018FET\u00d6\u2019ye \u00fcye olma\u2019 ve \u2018askeri casusluk\u2019 su\u00e7lamalar\u0131yla g\u00f6zalt\u0131na al\u0131nd\u0131. ASSAN b\u00fcnyesindeki 10 \u015firkete de kayy\u0131m atand\u0131\u00d6zel savunma sanayi \u015firketi ASSAN Group\u2019un sahibi Emin \u00d6ner ve \u015firketin genel m\u00fcd\u00fcr\u00fc G\u00fcrcan Okumu\u015f \u2018FET\u00d6\u2019ye \u00fcye olma\u2019 ve \u2018askeri casusluk\u2019 su\u00e7lamalar\u0131yla g\u00f6zalt\u0131na al\u0131nd\u0131. ASSAN [&hellip;]<\/p>\n","protected":false},"author":1,"featured_media":0,"comment_status":"open","ping_status":"open","sticky":false,"template":"","format":"standard","meta":{"footnotes":"","_links_to":"","_links_to_target":""},"categories":[1],"tags":[],"class_list":["post-2700","post","type-post","status-publish","format-standard","hentry","category-haberler"],"_links":{"self":[{"href":"https:\/\/www.abchukuk.com\/index.php\/wp-json\/wp\/v2\/posts\/2700","targetHints":{"allow":["GET"]}}],"collection":[{"href":"https:\/\/www.abchukuk.com\/index.php\/wp-json\/wp\/v2\/posts"}],"about":[{"href":"https:\/\/www.abchukuk.com\/index.php\/wp-json\/wp\/v2\/types\/post"}],"author":[{"embeddable":true,"href":"https:\/\/www.abchukuk.com\/index.php\/wp-json\/wp\/v2\/users\/1"}],"replies":[{"embeddable":true,"href":"https:\/\/www.abchukuk.com\/index.php\/wp-json\/wp\/v2\/comments?post=2700"}],"version-history":[{"count":0,"href":"https:\/\/www.abchukuk.com\/index.php\/wp-json\/wp\/v2\/posts\/2700\/revisions"}],"wp:attachment":[{"href":"https:\/\/www.abchukuk.com\/index.php\/wp-json\/wp\/v2\/media?parent=2700"}],"wp:term":[{"taxonomy":"category","embeddable":true,"href":"https:\/\/www.abchukuk.com\/index.php\/wp-json\/wp\/v2\/categories?post=2700"},{"taxonomy":"post_tag","embeddable":true,"href":"https:\/\/www.abchukuk.com\/index.php\/wp-json\/wp\/v2\/tags?post=2700"}],"curies":[{"name":"wp","href":"https:\/\/api.w.org\/{rel}","templated":true}]}}